{"id":17776,"date":"2026-03-13T14:53:40","date_gmt":"2026-03-13T12:53:40","guid":{"rendered":"https:\/\/artigasadvocats.com\/?p=17776"},"modified":"2026-03-13T14:53:40","modified_gmt":"2026-03-13T12:53:40","slug":"assistencia-al-congres-un-dret-civil-per-a-les-persones-grans-repensar-les-institucions-atenent-a-necessitats-noves-celebrat-els-dies-12-i-13-de-marc-de-2026-a-la-facultat-de-dret","status":"publish","type":"post","link":"https:\/\/artigasadvocats.com\/es\/assistencia-al-congres-un-dret-civil-per-a-les-persones-grans-repensar-les-institucions-atenent-a-necessitats-noves-celebrat-els-dies-12-i-13-de-marc-de-2026-a-la-facultat-de-dret\/","title":{"rendered":"Assist\u00e8ncia al congr\u00e9s \u201cUn dret civil per a les persones grans? Repensar les institucions atenent a necessitats noves\u201d, celebrat els dies 12 i 13 de mar\u00e7 de 2026 a la Facultat de Dret de la Universitat de Barcelona, organitzat per la pr\u00f2pia Facultat amb la participaci\u00f3 de la SCAF."},"content":{"rendered":"","protected":false},"excerpt":{"rendered":"","protected":false},"author":1,"featured_media":0,"comment_status":"closed","ping_status":"open","sticky":false,"template":"","format":"standard","meta":[],"categories":[377],"tags":[],"_links":{"self":[{"href":"https:\/\/artigasadvocats.com\/es\/wp-json\/wp\/v2\/posts\/17776\/"}],"collection":[{"href":"https:\/\/artigasadvocats.com\/es\/wp-json\/wp\/v2\/posts\/"}],"about":[{"href":"https:\/\/artigasadvocats.com\/es\/wp-json\/wp\/v2\/types\/post\/"}],"author":[{"embeddable":true,"href":"https:\/\/artigasadvocats.com\/es\/wp-json\/wp\/v2\/users\/1\/"}],"replies":[{"embeddable":true,"href":"https:\/\/artigasadvocats.com\/es\/wp-json\/wp\/v2\/comments\/?post=17776"}],"version-history":[{"count":1,"href":"https:\/\/artigasadvocats.com\/es\/wp-json\/wp\/v2\/posts\/17776\/revisions\/"}],"predecessor-version":[{"id":17777,"href":"https:\/\/artigasadvocats.com\/es\/wp-json\/wp\/v2\/posts\/17776\/revisions\/17777\/"}],"wp:attachment":[{"href":"https:\/\/artigasadvocats.com\/es\/wp-json\/wp\/v2\/media\/?parent=17776"}],"wp:term":[{"taxonomy":"category","embeddable":true,"href":"https:\/\/artigasadvocats.com\/es\/wp-json\/wp\/v2\/categories\/?post=17776"},{"taxonomy":"post_tag","embeddable":true,"href":"https:\/\/artigasadvocats.com\/es\/wp-json\/wp\/v2\/tags\/?post=17776"}],"curies":[{"name":"wp","href":"https:\/\/api.w.org\/{rel}","templated":true}]}}