{"id":17594,"date":"2024-04-03T10:23:00","date_gmt":"2024-04-03T08:23:00","guid":{"rendered":"https:\/\/artigasadvocats.com\/?p=17594"},"modified":"2024-04-03T10:23:00","modified_gmt":"2024-04-03T08:23:00","slug":"tribunal-constitucional-una-pensio-daliments-per-a-fills-no-pot-fixar-se-en-un-percentatge-dels-ingressos-del-progenitor-obligat-al-pagament-quan-no-es-coneixen-els-ingressos-de-qui-ha-de-pagar","status":"publish","type":"post","link":"https:\/\/artigasadvocats.com\/es\/tribunal-constitucional-una-pensio-daliments-per-a-fills-no-pot-fixar-se-en-un-percentatge-dels-ingressos-del-progenitor-obligat-al-pagament-quan-no-es-coneixen-els-ingressos-de-qui-ha-de-pagar\/","title":{"rendered":"TRIBUNAL CONSTITUCIONAL: UNA PENSI\u00d3 D&#8217;ALIMENTS PER A FILLS NO POT FIXAR-SE EN UN PERCENTATGE DELS INGRESSOS DEL PROGENITOR OBLIGAT AL PAGAMENT QUAN NO ES CONEIXEN ELS INGRESSOS DE QUI HA DE PAGAR"},"content":{"rendered":"<p>El passat 20 de febrer de 2024, es va publicar la Sent\u00e8ncia n\u00fam. 2\/2024 de 15 de gener, per la qual el Tribunal Constitucional va acordar anul\u00b7lar una Sent\u00e8ncia d&#8217;un Jutjat de Getafe, en la qual s&#8217;acordava establir una pensi\u00f3 d&#8217;aliments a c\u00e0rrec del pare, consistent en el 10% dels ingressos que s&#8217;acreditessin.<\/p>\n<p>El Constitucional considera que la resoluci\u00f3, confirmada per l&#8217;Audi\u00e8ncia Provincial i pel Tribunal Suprem, vulnera el dret fonamental a la tutela judicial efectiva, ja que l&#8217;\u00fanica motivaci\u00f3 per establir aquesta mesura \u00e9s la manca d&#8217;informaci\u00f3 sobre els ingressos del progenitor obligat al pagament.<\/p>\n<p>Aix\u00ed mateix, el Constitucional determina que, <u>per respectar l&#8217;inter\u00e8s superior del menor, sempre ha de ser possible establir un m\u00ednim vital en el seu inter\u00e8s<\/u>. D&#8217;altra banda, es resol que, per poder fixar la pensi\u00f3 en un percentatge dels ingressos del progenitor obligat al pagament, cal que es pugui con\u00e8ixer si aquest percentatge respecta l&#8217;inter\u00e8s del menor, cosa que resulta impossible si se&#8217;n desconeixen els ingressos. Recorda el Constitucional que \u201c<strong><em>El progenitor obligat judicialment a la satisfacci\u00f3 d&#8217;un import dinerari per aliments, \u00e9s evident que no respon del seu compliment nom\u00e9s amb els seus \u201cingressos\u201d, sin\u00f3 amb tot el patrimoni que pogu\u00e9s ser trobat per l&#8217;\u00f2rgan judicial<\/em><\/strong><em>, com succeiria si es tract\u00e9s d\u2019executar una quantitat l\u00edquida impagada. Aix\u00f2 no obstant no \u00e9s factible amb el sistema triat en aquest cas pel jutjat<\/em>\u201d.<\/p>\n<p>Per tot aix\u00f2, el Constitucional acorda anul\u00b7lar la Sent\u00e8ncia de primera inst\u00e0ncia, aix\u00ed com les resolucions de l&#8217;Audi\u00e8ncia Provincial i del Suprem que la confirmaven, ordenant que es torni a dictar nova Sent\u00e8ncia respectant els drets fonamentals vulnerats.<\/p>\n<p>&nbsp;<\/p>\n","protected":false},"excerpt":{"rendered":"<p>El passat 20 de febrer de 2024, es va publicar la Sent\u00e8ncia n\u00fam. 2\/2024 de&#8230;<\/p>\n","protected":false},"author":1,"featured_media":0,"comment_status":"closed","ping_status":"open","sticky":false,"template":"","format":"standard","meta":[],"categories":[379,380],"tags":[],"_links":{"self":[{"href":"https:\/\/artigasadvocats.com\/es\/wp-json\/wp\/v2\/posts\/17594\/"}],"collection":[{"href":"https:\/\/artigasadvocats.com\/es\/wp-json\/wp\/v2\/posts\/"}],"about":[{"href":"https:\/\/artigasadvocats.com\/es\/wp-json\/wp\/v2\/types\/post\/"}],"author":[{"embeddable":true,"href":"https:\/\/artigasadvocats.com\/es\/wp-json\/wp\/v2\/users\/1\/"}],"replies":[{"embeddable":true,"href":"https:\/\/artigasadvocats.com\/es\/wp-json\/wp\/v2\/comments\/?post=17594"}],"version-history":[{"count":1,"href":"https:\/\/artigasadvocats.com\/es\/wp-json\/wp\/v2\/posts\/17594\/revisions\/"}],"predecessor-version":[{"id":17595,"href":"https:\/\/artigasadvocats.com\/es\/wp-json\/wp\/v2\/posts\/17594\/revisions\/17595\/"}],"wp:attachment":[{"href":"https:\/\/artigasadvocats.com\/es\/wp-json\/wp\/v2\/media\/?parent=17594"}],"wp:term":[{"taxonomy":"category","embeddable":true,"href":"https:\/\/artigasadvocats.com\/es\/wp-json\/wp\/v2\/categories\/?post=17594"},{"taxonomy":"post_tag","embeddable":true,"href":"https:\/\/artigasadvocats.com\/es\/wp-json\/wp\/v2\/tags\/?post=17594"}],"curies":[{"name":"wp","href":"https:\/\/api.w.org\/{rel}","templated":true}]}}