{"id":17543,"date":"2023-10-31T19:23:58","date_gmt":"2023-10-31T17:23:58","guid":{"rendered":"https:\/\/artigasadvocats.com\/?p=17543"},"modified":"2023-10-31T19:25:31","modified_gmt":"2023-10-31T17:25:31","slug":"assistencia-al-segon-congres-de-dret-de-familia-organitzat-per-la-seccio-de-dret-de-familia-de-licab-els-dies-28-i-29-de-setembre-de-2023nes-jornades-de-dret-catala-a-tossa-celebrades-els-dies-2","status":"publish","type":"post","link":"https:\/\/artigasadvocats.com\/es\/assistencia-al-segon-congres-de-dret-de-familia-organitzat-per-la-seccio-de-dret-de-familia-de-licab-els-dies-28-i-29-de-setembre-de-2023nes-jornades-de-dret-catala-a-tossa-celebrades-els-dies-2\/","title":{"rendered":"ASSIST\u00c8NCIA AL SEGON CONGR\u00c8S DE DRET DE FAM\u00cdLIA, ORGANITZAT PER LA SECCI\u00d3 DE DRET DE FAM\u00cdLIA DE L&#8217;ICAB ELS DIES 28 I 29 DE SETEMBRE DE 2023"},"content":{"rendered":"","protected":false},"excerpt":{"rendered":"","protected":false},"author":1,"featured_media":0,"comment_status":"closed","ping_status":"open","sticky":false,"template":"","format":"standard","meta":[],"categories":[377],"tags":[],"_links":{"self":[{"href":"https:\/\/artigasadvocats.com\/es\/wp-json\/wp\/v2\/posts\/17543\/"}],"collection":[{"href":"https:\/\/artigasadvocats.com\/es\/wp-json\/wp\/v2\/posts\/"}],"about":[{"href":"https:\/\/artigasadvocats.com\/es\/wp-json\/wp\/v2\/types\/post\/"}],"author":[{"embeddable":true,"href":"https:\/\/artigasadvocats.com\/es\/wp-json\/wp\/v2\/users\/1\/"}],"replies":[{"embeddable":true,"href":"https:\/\/artigasadvocats.com\/es\/wp-json\/wp\/v2\/comments\/?post=17543"}],"version-history":[{"count":3,"href":"https:\/\/artigasadvocats.com\/es\/wp-json\/wp\/v2\/posts\/17543\/revisions\/"}],"predecessor-version":[{"id":17545,"href":"https:\/\/artigasadvocats.com\/es\/wp-json\/wp\/v2\/posts\/17543\/revisions\/17545\/"}],"wp:attachment":[{"href":"https:\/\/artigasadvocats.com\/es\/wp-json\/wp\/v2\/media\/?parent=17543"}],"wp:term":[{"taxonomy":"category","embeddable":true,"href":"https:\/\/artigasadvocats.com\/es\/wp-json\/wp\/v2\/categories\/?post=17543"},{"taxonomy":"post_tag","embeddable":true,"href":"https:\/\/artigasadvocats.com\/es\/wp-json\/wp\/v2\/tags\/?post=17543"}],"curies":[{"name":"wp","href":"https:\/\/api.w.org\/{rel}","templated":true}]}}