{"id":17498,"date":"2023-01-31T19:46:33","date_gmt":"2023-01-31T17:46:33","guid":{"rendered":"https:\/\/artigasadvocats.com\/?p=17498"},"modified":"2023-01-31T19:46:33","modified_gmt":"2023-01-31T17:46:33","slug":"assistencia-el-25-de-gener-de-2023-a-lil%c2%b7lustre-col%c2%b7legi-dadvocats-de-granollers-a-la-conferencia-questions-practiques-sobre-el-regim-de-visites-en-lambit-de-la-violencia-de-genere","status":"publish","type":"post","link":"https:\/\/artigasadvocats.com\/es\/assistencia-el-25-de-gener-de-2023-a-lil%c2%b7lustre-col%c2%b7legi-dadvocats-de-granollers-a-la-conferencia-questions-practiques-sobre-el-regim-de-visites-en-lambit-de-la-violencia-de-genere\/","title":{"rendered":"ASSIST\u00c8NCIA EL 25 DE GENER DE 2023 A L&#8217;IL\u00b7LUSTRE COL\u00b7LEGI D&#8217;ADVOCATS DE GRANOLLERS, A LA CONFER\u00c8NCIA \u00abQ\u00dcESTIONS PR\u00c0CTIQUES SOBRE EL R\u00c8GIM DE VISITES EN L&#8217;\u00c0MBIT DE LA VIOL\u00c8NCIA DE G\u00c8NERE\u00bb"},"content":{"rendered":"","protected":false},"excerpt":{"rendered":"","protected":false},"author":1,"featured_media":0,"comment_status":"closed","ping_status":"open","sticky":false,"template":"","format":"standard","meta":[],"categories":[377],"tags":[],"_links":{"self":[{"href":"https:\/\/artigasadvocats.com\/es\/wp-json\/wp\/v2\/posts\/17498\/"}],"collection":[{"href":"https:\/\/artigasadvocats.com\/es\/wp-json\/wp\/v2\/posts\/"}],"about":[{"href":"https:\/\/artigasadvocats.com\/es\/wp-json\/wp\/v2\/types\/post\/"}],"author":[{"embeddable":true,"href":"https:\/\/artigasadvocats.com\/es\/wp-json\/wp\/v2\/users\/1\/"}],"replies":[{"embeddable":true,"href":"https:\/\/artigasadvocats.com\/es\/wp-json\/wp\/v2\/comments\/?post=17498"}],"version-history":[{"count":2,"href":"https:\/\/artigasadvocats.com\/es\/wp-json\/wp\/v2\/posts\/17498\/revisions\/"}],"predecessor-version":[{"id":17500,"href":"https:\/\/artigasadvocats.com\/es\/wp-json\/wp\/v2\/posts\/17498\/revisions\/17500\/"}],"wp:attachment":[{"href":"https:\/\/artigasadvocats.com\/es\/wp-json\/wp\/v2\/media\/?parent=17498"}],"wp:term":[{"taxonomy":"category","embeddable":true,"href":"https:\/\/artigasadvocats.com\/es\/wp-json\/wp\/v2\/categories\/?post=17498"},{"taxonomy":"post_tag","embeddable":true,"href":"https:\/\/artigasadvocats.com\/es\/wp-json\/wp\/v2\/tags\/?post=17498"}],"curies":[{"name":"wp","href":"https:\/\/api.w.org\/{rel}","templated":true}]}}