{"id":17376,"date":"2022-01-04T18:09:12","date_gmt":"2022-01-04T16:09:12","guid":{"rendered":"http:\/\/artigasadvocats.com\/?p=17376"},"modified":"2022-01-04T18:09:30","modified_gmt":"2022-01-04T16:09:30","slug":"regulacio-de-la-pensio-de-viduitat-per-a-les-parelles-de-fet","status":"publish","type":"post","link":"https:\/\/artigasadvocats.com\/es\/regulacio-de-la-pensio-de-viduitat-per-a-les-parelles-de-fet\/","title":{"rendered":"Regulaci\u00f3 de la pensi\u00f3 de vidu\u00eftat per a les parelles de fet"},"content":{"rendered":"<p><a href=\"https:\/\/noticias.juridicas.com\/base_datos\/Laboral\/715474-ley-21-2021-de-28-de-diciembre-de-garantia-del-poder-adquisitivo-de-las-pensiones.html\" target=\"_blank\" rel=\"noopener noreferrer\">https:\/\/noticias.juridicas.com\/base_datos\/Laboral\/715474-ley-21-2021-de-28-de-diciembre-de-garantia-del-poder-adquisitivo-de-las-pensiones.html<\/a><\/p>\n","protected":false},"excerpt":{"rendered":"<p>https:\/\/noticias.juridicas.com\/base_datos\/Laboral\/715474-ley-21-2021-de-28-de-diciembre-de-garantia-del-poder-adquisitivo-de-las-pensiones.html<\/p>\n","protected":false},"author":1,"featured_media":0,"comment_status":"closed","ping_status":"open","sticky":false,"template":"","format":"standard","meta":[],"categories":[379],"tags":[],"_links":{"self":[{"href":"https:\/\/artigasadvocats.com\/es\/wp-json\/wp\/v2\/posts\/17376\/"}],"collection":[{"href":"https:\/\/artigasadvocats.com\/es\/wp-json\/wp\/v2\/posts\/"}],"about":[{"href":"https:\/\/artigasadvocats.com\/es\/wp-json\/wp\/v2\/types\/post\/"}],"author":[{"embeddable":true,"href":"https:\/\/artigasadvocats.com\/es\/wp-json\/wp\/v2\/users\/1\/"}],"replies":[{"embeddable":true,"href":"https:\/\/artigasadvocats.com\/es\/wp-json\/wp\/v2\/comments\/?post=17376"}],"version-history":[{"count":6,"href":"https:\/\/artigasadvocats.com\/es\/wp-json\/wp\/v2\/posts\/17376\/revisions\/"}],"predecessor-version":[{"id":17382,"href":"https:\/\/artigasadvocats.com\/es\/wp-json\/wp\/v2\/posts\/17376\/revisions\/17382\/"}],"wp:attachment":[{"href":"https:\/\/artigasadvocats.com\/es\/wp-json\/wp\/v2\/media\/?parent=17376"}],"wp:term":[{"taxonomy":"category","embeddable":true,"href":"https:\/\/artigasadvocats.com\/es\/wp-json\/wp\/v2\/categories\/?post=17376"},{"taxonomy":"post_tag","embeddable":true,"href":"https:\/\/artigasadvocats.com\/es\/wp-json\/wp\/v2\/tags\/?post=17376"}],"curies":[{"name":"wp","href":"https:\/\/api.w.org\/{rel}","templated":true}]}}