{"id":17341,"date":"2021-12-02T12:18:12","date_gmt":"2021-12-02T10:18:12","guid":{"rendered":"http:\/\/artigasadvocats.com\/?p=17341"},"modified":"2022-01-04T18:10:52","modified_gmt":"2022-01-04T16:10:52","slug":"decret-llei-violencia-vicaria-entrada-en-vigor","status":"publish","type":"post","link":"https:\/\/artigasadvocats.com\/es\/decret-llei-violencia-vicaria-entrada-en-vigor\/","title":{"rendered":"Viol\u00e8ncia vic\u00e0ria"},"content":{"rendered":"<p>Publicat avui 2.12.2021 el DECRET LLEI 26\/2021, de 30 de novembre, de modificaci\u00f3 del llibre segon del Codi Civil de Catalunya en relaci\u00f3 amb la viol\u00e8ncia vic\u00e0ria. Dem\u00e0 entra en vigor, i segons la disposici\u00f3 addicional, totes les mesures que\u00a0 s\u2019hagin d\u2019acordar en qualsevol procediment de fam\u00edlia en tr\u00e0mit, s\u2019han d\u2019adaptar a la nova normativa.<\/p>\n<p><a href=\"https:\/\/dogc.gencat.cat\/ca\/document-del-dogc\/?documentId=915452\" target=\"_blank\" rel=\"noopener noreferrer\">Decret Llei al DOGC<\/a><\/p>\n<p>&nbsp;<\/p>\n","protected":false},"excerpt":{"rendered":"<p>Publicat avui 2.12.2021 el DECRET LLEI 26\/2021, de 30 de novembre, de modificaci\u00f3 del llibre&#8230;<\/p>\n","protected":false},"author":1,"featured_media":0,"comment_status":"closed","ping_status":"open","sticky":false,"template":"","format":"standard","meta":[],"categories":[379],"tags":[],"_links":{"self":[{"href":"https:\/\/artigasadvocats.com\/es\/wp-json\/wp\/v2\/posts\/17341\/"}],"collection":[{"href":"https:\/\/artigasadvocats.com\/es\/wp-json\/wp\/v2\/posts\/"}],"about":[{"href":"https:\/\/artigasadvocats.com\/es\/wp-json\/wp\/v2\/types\/post\/"}],"author":[{"embeddable":true,"href":"https:\/\/artigasadvocats.com\/es\/wp-json\/wp\/v2\/users\/1\/"}],"replies":[{"embeddable":true,"href":"https:\/\/artigasadvocats.com\/es\/wp-json\/wp\/v2\/comments\/?post=17341"}],"version-history":[{"count":8,"href":"https:\/\/artigasadvocats.com\/es\/wp-json\/wp\/v2\/posts\/17341\/revisions\/"}],"predecessor-version":[{"id":17383,"href":"https:\/\/artigasadvocats.com\/es\/wp-json\/wp\/v2\/posts\/17341\/revisions\/17383\/"}],"wp:attachment":[{"href":"https:\/\/artigasadvocats.com\/es\/wp-json\/wp\/v2\/media\/?parent=17341"}],"wp:term":[{"taxonomy":"category","embeddable":true,"href":"https:\/\/artigasadvocats.com\/es\/wp-json\/wp\/v2\/categories\/?post=17341"},{"taxonomy":"post_tag","embeddable":true,"href":"https:\/\/artigasadvocats.com\/es\/wp-json\/wp\/v2\/tags\/?post=17341"}],"curies":[{"name":"wp","href":"https:\/\/api.w.org\/{rel}","templated":true}]}}