{"id":17247,"date":"2021-06-08T17:37:48","date_gmt":"2021-06-08T15:37:48","guid":{"rendered":"http:\/\/artigasadvocats.com\/?p=17247"},"modified":"2021-06-08T17:37:48","modified_gmt":"2021-06-08T15:37:48","slug":"la-violencia-frente-a-la-infancia-y-la-adolescencia-lo-8-2021-y-sus-reformas","status":"publish","type":"post","link":"https:\/\/artigasadvocats.com\/es\/la-violencia-frente-a-la-infancia-y-la-adolescencia-lo-8-2021-y-sus-reformas\/","title":{"rendered":"La violencia frente a la infancia y la adolescencia. LO 8\/2021 y sus reformas"},"content":{"rendered":"<p>La Ley Org\u00e1nica 8\/2021, de 4 de junio, de protecci\u00f3n integral a la infancia y la adolescencia frente a la violencia, supone el reconocimiento de los derechos de las personas menores de edad, para asegurar y promover el respeto de su dignidad e integridad f\u00edsica y psicol\u00f3gica frente a cualquier forma de violencia, perjuicio, abuso f\u00edsico o mental, descuido o negligencia, malos tratos o explotaci\u00f3n.<\/p>\n<p>&nbsp;<\/p>\n<p>Al lado de su propio articulado, que prev\u00e9 esa protecci\u00f3n desde diversos \u00e1ngulos (administraciones p\u00fablicas, familia, escuela, servicios sanitarios y sociales), sus disposiciones finales recogen diversas reformas legislativas, que abarcan los C\u00f3digos penal y civil, las normas procesales tambi\u00e9n penal y civil, la Ley Org\u00e1nica del Poder Judicial, la Ley de Protecci\u00f3n Jur\u00eddica del Menor, la Ley de Responsabilidad Penal de los Menores, la Ley de Violencia de G\u00e9nero y otras.<\/p>\n","protected":false},"excerpt":{"rendered":"<p>La Ley Org\u00e1nica 8\/2021, de 4 de junio, de protecci\u00f3n integral a la infancia y&#8230;<\/p>\n","protected":false},"author":1,"featured_media":0,"comment_status":"closed","ping_status":"open","sticky":false,"template":"","format":"standard","meta":[],"categories":[379],"tags":[],"_links":{"self":[{"href":"https:\/\/artigasadvocats.com\/es\/wp-json\/wp\/v2\/posts\/17247\/"}],"collection":[{"href":"https:\/\/artigasadvocats.com\/es\/wp-json\/wp\/v2\/posts\/"}],"about":[{"href":"https:\/\/artigasadvocats.com\/es\/wp-json\/wp\/v2\/types\/post\/"}],"author":[{"embeddable":true,"href":"https:\/\/artigasadvocats.com\/es\/wp-json\/wp\/v2\/users\/1\/"}],"replies":[{"embeddable":true,"href":"https:\/\/artigasadvocats.com\/es\/wp-json\/wp\/v2\/comments\/?post=17247"}],"version-history":[{"count":1,"href":"https:\/\/artigasadvocats.com\/es\/wp-json\/wp\/v2\/posts\/17247\/revisions\/"}],"predecessor-version":[{"id":17248,"href":"https:\/\/artigasadvocats.com\/es\/wp-json\/wp\/v2\/posts\/17247\/revisions\/17248\/"}],"wp:attachment":[{"href":"https:\/\/artigasadvocats.com\/es\/wp-json\/wp\/v2\/media\/?parent=17247"}],"wp:term":[{"taxonomy":"category","embeddable":true,"href":"https:\/\/artigasadvocats.com\/es\/wp-json\/wp\/v2\/categories\/?post=17247"},{"taxonomy":"post_tag","embeddable":true,"href":"https:\/\/artigasadvocats.com\/es\/wp-json\/wp\/v2\/tags\/?post=17247"}],"curies":[{"name":"wp","href":"https:\/\/api.w.org\/{rel}","templated":true}]}}