{"id":17244,"date":"2021-05-25T13:40:15","date_gmt":"2021-05-25T11:40:15","guid":{"rendered":"http:\/\/artigasadvocats.com\/?p=17244"},"modified":"2021-05-25T13:46:30","modified_gmt":"2021-05-25T11:46:30","slug":"aprobada-la-ley-por-la-que-se-reforma-la-legislacion-civil-y-procesal-para-el-apoyo-a-las-personas-con-discapacidad-en-el-ejercicio-de-su-capacidad-juridica-20-05-2021","status":"publish","type":"post","link":"https:\/\/artigasadvocats.com\/es\/aprobada-la-ley-por-la-que-se-reforma-la-legislacion-civil-y-procesal-para-el-apoyo-a-las-personas-con-discapacidad-en-el-ejercicio-de-su-capacidad-juridica-20-05-2021\/","title":{"rendered":"Aprobada la Ley por la que se reforma la legislaci\u00f3n civil y procesal para el apoyo a las personas con discapacidad en el ejercicio de su capacidad jur\u00eddica  20\/05\/2021"},"content":{"rendered":"<p>El Pleno del Congreso de los Diputados ha concluido la tramitaci\u00f3n parlamentaria de la\u00a0<a href=\"https:\/\/www.congreso.es\/web\/guest\/busqueda-de-iniciativas?p_p_id=iniciativas&amp;p_p_lifecycle=0&amp;p_p_state=normal&amp;p_p_mode=view&amp;_iniciativas_mode=mostrarDetalle&amp;_iniciativas_legislatura=XIV&amp;_iniciativas_id=121\/000027\">Ley por la que se reforma la legislaci\u00f3n civil y procesal para el apoyo a las personas con discapacidad en el ejercicio de su capacidad jur\u00eddica<\/a>, con la incorporaci\u00f3n de todas las\u00a0<a href=\"https:\/\/www.congreso.es\/public_oficiales\/L14\/CONG\/BOCG\/A\/BOCG-14-A-27-5.PDF\">enmiendas introducidas por el Senado<\/a>. De este modo, la norma queda lista para su entrada en vigor a los tres meses de su publicaci\u00f3n en el Bolet\u00edn Oficial del Estado (BOE).<\/p>\n<p>&nbsp;<\/p>\n<p>Mediante esta reforma se pretende adaptar el ordenamiento jur\u00eddico espa\u00f1ol a la\u00a0<a href=\"https:\/\/www.boe.es\/boe\/dias\/2008\/04\/21\/pdfs\/A20648-20659.pdf\">Convenci\u00f3n internacional sobre los derechos de las personas con discapacidad<\/a>, que establece que estas personas tienen capacidad jur\u00eddica en igualdad de condiciones con las dem\u00e1s en todos los aspectos de la vida e insta a los Estados a adoptar las medidas pertinentes para proporcionar a las personas con discapacidad acceso al apoyo que puedan necesitar en el ejercicio de su capacidad jur\u00eddica.<\/p>\n<p>&nbsp;<\/p>\n<p>De este modo, se proponen modificaciones en la Ley del Notariado; el C\u00f3digo Civil; la Ley Hipotecaria; la Ley de Enjuiciamiento Civil; la Ley de protecci\u00f3n patrimonial de las personas con discapacidad y de modificaci\u00f3n del C\u00f3digo Civil, de la Ley de Enjuiciamiento Civil y de la Normativa Tributaria con esta finalidad; la Ley del Registro Civil, y en la Ley de la Jurisdicci\u00f3n Voluntaria.<\/p>\n<p>&nbsp;<\/p>\n<p>La nueva regulaci\u00f3n pivotar\u00e1 sobre el respeto a la voluntad y las preferencias de la persona y sobre el apoyo que esta precise, en lugar de sobre la incapacitaci\u00f3n de quien no se considera suficientemente capaz o la modificaci\u00f3n de una capacidad que resulta inherente a la condici\u00f3n de persona humana y, por ello, no puede modificarse. El t\u00e9rmino \u00abapoyo\u00bb englobar\u00e1 todo tipo de actuaciones, desde el acompa\u00f1amiento amistoso, la ayuda t\u00e9cnica en la comunicaci\u00f3n de declaraciones de voluntad, la ruptura de barreras arquitect\u00f3nicas y de todo tipo, el consejo, o incluso la toma de decisiones delegadas por la persona con discapacidad.<\/p>\n<p>&nbsp;<\/p>\n<p>Asimismo, se eliminan las figuras de la tutela, la patria potestad prorrogada y la patria potestad rehabilitada, consideradas como \u00abpoco adaptadas\u00bb al sistema de promoci\u00f3n de la autonom\u00eda de las personas adultas con discapacidad que la ley propone. En su lugar, el sistema de justicia deber\u00e1 proporcionar a este colectivo las ayudas que precise para que pueda llevar a cabo actos jur\u00eddicos como casarse, adquirir un inmueble o hacer un testamento.<\/p>\n<p>&nbsp;<\/p>\n<p>En el texto se recoge tambi\u00e9n la figura del defensor judicial, prevista para determinadas situaciones, como aquellas en que exista conflicto de intereses entre la figura de apoyo y la persona con discapacidad, o aquella en que exista imposibilidad coyuntural de que la figura de apoyo habitual lo ejerza.<\/p>\n<p>&nbsp;<\/p>\n<p>&nbsp;<\/p>\n","protected":false},"excerpt":{"rendered":"<p>El Pleno del Congreso de los Diputados ha concluido la tramitaci\u00f3n parlamentaria de la\u00a0Ley por&#8230;<\/p>\n","protected":false},"author":1,"featured_media":0,"comment_status":"closed","ping_status":"open","sticky":false,"template":"","format":"standard","meta":[],"categories":[379],"tags":[],"_links":{"self":[{"href":"https:\/\/artigasadvocats.com\/es\/wp-json\/wp\/v2\/posts\/17244\/"}],"collection":[{"href":"https:\/\/artigasadvocats.com\/es\/wp-json\/wp\/v2\/posts\/"}],"about":[{"href":"https:\/\/artigasadvocats.com\/es\/wp-json\/wp\/v2\/types\/post\/"}],"author":[{"embeddable":true,"href":"https:\/\/artigasadvocats.com\/es\/wp-json\/wp\/v2\/users\/1\/"}],"replies":[{"embeddable":true,"href":"https:\/\/artigasadvocats.com\/es\/wp-json\/wp\/v2\/comments\/?post=17244"}],"version-history":[{"count":1,"href":"https:\/\/artigasadvocats.com\/es\/wp-json\/wp\/v2\/posts\/17244\/revisions\/"}],"predecessor-version":[{"id":17245,"href":"https:\/\/artigasadvocats.com\/es\/wp-json\/wp\/v2\/posts\/17244\/revisions\/17245\/"}],"wp:attachment":[{"href":"https:\/\/artigasadvocats.com\/es\/wp-json\/wp\/v2\/media\/?parent=17244"}],"wp:term":[{"taxonomy":"category","embeddable":true,"href":"https:\/\/artigasadvocats.com\/es\/wp-json\/wp\/v2\/categories\/?post=17244"},{"taxonomy":"post_tag","embeddable":true,"href":"https:\/\/artigasadvocats.com\/es\/wp-json\/wp\/v2\/tags\/?post=17244"}],"curies":[{"name":"wp","href":"https:\/\/api.w.org\/{rel}","templated":true}]}}