{"id":17219,"date":"2020-10-07T12:24:33","date_gmt":"2020-10-07T10:24:33","guid":{"rendered":"http:\/\/artigasadvocats.com\/?p=17219"},"modified":"2022-01-04T19:13:08","modified_gmt":"2022-01-04T17:13:08","slug":"per-la-llei-5-2020-saprova-la-reforma-de-limpost-sobre-successions-la-qual-comporta-un-increment-de-la-tributacio-en-les-herencies-en-que-la-defuncio-del-causant-shagi-prod","status":"publish","type":"post","link":"https:\/\/artigasadvocats.com\/es\/per-la-llei-5-2020-saprova-la-reforma-de-limpost-sobre-successions-la-qual-comporta-un-increment-de-la-tributacio-en-les-herencies-en-que-la-defuncio-del-causant-shagi-prod\/","title":{"rendered":"Per la Llei 5\/2020 s\u2019aprova la reforma de l\u2019impost sobre successions, la qual comporta un increment de la tributaci\u00f3 en les her\u00e8ncies en qu\u00e8 la defunci\u00f3 del causant s\u2019hagi produ\u00eft a partir de l\u20191 de maig 2020"},"content":{"rendered":"\n<p>RESUM: El 29 d\u2019abril el Parlament de Catalunya va\naprovar la Llei 5\/2020, de mesures fiscals, financeres, administratives i del\nsector p\u00fablic i de creaci\u00f3 de l\u2019impost sobre les instal\u00b7lacions que incideixen\nen el medi ambient (DOGC n\u00fam. 8124, del 30\/04\/2020), coneguda tamb\u00e9 per Llei d\u2019acompanyament\nde pressupostos.<br>\nLes modificacions introdu\u00efdes a l\u2019efecte comporten un <strong>increment en la\ntributaci\u00f3 de les her\u00e8ncies a Catalunya en qu\u00e8 la defunci\u00f3 del causant s\u2019hagi\nprodu\u00eft a partir de l\u20191 de maig del 2020.<\/strong><\/p>\n\n\n\n<p>Pel que fa a les modificacions introdu\u00efdes,\ndestaquem en primer lloc, la recuperaci\u00f3 dels coeficients multiplicadors pels\nfamiliars m\u00e9s propers, de tal manera que pel que fa als grups de parentiu I i\nII (descendents de menys de 21 anys; c\u00f2njuge o parella estable, ascendents i\ndescendents majors de 21 anys) s\u2019introdueixen coeficients multiplicadors en\nfunci\u00f3 del seu patrimoni preexistent, \u00e9s a dir, que quan el subjecte passiu de\nl\u2019impost tingui un patrimoni superior a 500.000 euros, la quota que caldr\u00e0\npagar s\u2019incrementar\u00e0 aplicant de manera gradual uns determinats coeficients\ncorrectors. Als altres grups de parentiu (germans, oncles, nebots, sogres,\ngendres, joves, cosins) els coeficients correctors que s\u2019apliquen s\u00f3n els\nmateixos, sense que hi hagi cap modificaci\u00f3 en aquest sentit.<\/p>\n\n\n\n<p>Una segona modificaci\u00f3 introdu\u00efda comporta una\nreducci\u00f3 de la bonificaci\u00f3 de la quota tribut\u00e0ria de qu\u00e8 gaudien fins ara els\ndescendents de 21 anys o m\u00e9s i els ascendents, i aix\u00ed aquest percentatge de\nbonificaci\u00f3 que podia ser amb anterioritat del 99 % de la quota, partir\u00e0 ara\ndel 60 %. Aix\u00ed mateix, per bases imposables superiors a 3.000.000 \u20ac desapareix\naquesta bonificaci\u00f3, quan fins ara es podia aplicar una bonificaci\u00f3 d\u2019un 20 %.<\/p>\n\n\n\n<p>En tercer lloc, se suprimeixen les bonificacions\nredu\u00efdes sobre la quota que fins ara s\u2019aplicava al subjecte passiu quan optava\nper qualsevol altra reducci\u00f3 o bonificaci\u00f3 sobre la base imposable (llevat de\nla reducci\u00f3 per habitatge habitual), entre les quals es troben les de\nmodernitzaci\u00f3 d\u2019explotacions agr\u00e0ries, b\u00e9ns afectes a l\u2019activitat econ\u00f2mica,\nfinques r\u00fastiques de dedicaci\u00f3 forestal, b\u00e9ns d\u2019explotaci\u00f3 agr\u00e0ria\u2026. Amb\nanterioritat a la reforma, quan s\u2019optava per algunes d\u2019aquestes reduccions, la\nbonificaci\u00f3 de la quota es veia redu\u00efda en un 50 %; amb la reforma actual, la\nbonificaci\u00f3 de la quota desapareix. Aix\u00ed doncs, amb l\u2019entrada en vigor de la\nreforma, s\u2019haur\u00e0 d\u2019optar per l\u2019aplicaci\u00f3 d\u2019un o altre benefici, i deixaran de\nser aplicables simult\u00e0niament.<\/p>\n\n\n\n<p>En definitiva, la reforma aprovada de l\u2019Impost\nsobre Successions suposa un increment notable de la tributaci\u00f3 de les her\u00e8ncies\nque es meritin a partir de l\u20191 de maig a Catalunya, la qual cosa fa encara m\u00e9s\nnecessari i aconsellable un assessorament correcte i la planificaci\u00f3 d\u2019una\nfutura successi\u00f3.<\/p>\n","protected":false},"excerpt":{"rendered":"<p>RESUM: El 29 d\u2019abril el Parlament de Catalunya va aprovar la Llei 5\/2020, de mesures&#8230;<\/p>\n","protected":false},"author":1,"featured_media":0,"comment_status":"closed","ping_status":"open","sticky":false,"template":"","format":"standard","meta":[],"categories":[379],"tags":[],"_links":{"self":[{"href":"https:\/\/artigasadvocats.com\/es\/wp-json\/wp\/v2\/posts\/17219\/"}],"collection":[{"href":"https:\/\/artigasadvocats.com\/es\/wp-json\/wp\/v2\/posts\/"}],"about":[{"href":"https:\/\/artigasadvocats.com\/es\/wp-json\/wp\/v2\/types\/post\/"}],"author":[{"embeddable":true,"href":"https:\/\/artigasadvocats.com\/es\/wp-json\/wp\/v2\/users\/1\/"}],"replies":[{"embeddable":true,"href":"https:\/\/artigasadvocats.com\/es\/wp-json\/wp\/v2\/comments\/?post=17219"}],"version-history":[{"count":2,"href":"https:\/\/artigasadvocats.com\/es\/wp-json\/wp\/v2\/posts\/17219\/revisions\/"}],"predecessor-version":[{"id":17385,"href":"https:\/\/artigasadvocats.com\/es\/wp-json\/wp\/v2\/posts\/17219\/revisions\/17385\/"}],"wp:attachment":[{"href":"https:\/\/artigasadvocats.com\/es\/wp-json\/wp\/v2\/media\/?parent=17219"}],"wp:term":[{"taxonomy":"category","embeddable":true,"href":"https:\/\/artigasadvocats.com\/es\/wp-json\/wp\/v2\/categories\/?post=17219"},{"taxonomy":"post_tag","embeddable":true,"href":"https:\/\/artigasadvocats.com\/es\/wp-json\/wp\/v2\/tags\/?post=17219"}],"curies":[{"name":"wp","href":"https:\/\/api.w.org\/{rel}","templated":true}]}}