{"id":17216,"date":"2020-10-01T17:48:30","date_gmt":"2020-10-01T15:48:30","guid":{"rendered":"http:\/\/artigasadvocats.com\/?p=17216"},"modified":"2020-10-01T17:48:32","modified_gmt":"2020-10-01T15:48:32","slug":"pago-de-la-pension-en-el-mes-que-se-dicta-la-sentencia","status":"publish","type":"post","link":"https:\/\/artigasadvocats.com\/es\/pago-de-la-pension-en-el-mes-que-se-dicta-la-sentencia\/","title":{"rendered":"Pago de la pensi\u00f3n en el mes que se dicta la Sentencia"},"content":{"rendered":"\n<p><strong>AP BARCELONA, SEC. 12.\u00aa,\nAUTO DE 12 DE MARZO DE 2020 <\/strong><\/p>\n\n\n\n<p><em>Si la sentencia no se dicta el d\u00eda uno del mes ello no implica que no deban abonarse las cantidades que corresponden a los d\u00edas transcurridos del mes en que se dicta la senten\u00adcia. Por esos d\u00edas se abonar\u00e1 la parte proporcional correspondiente, y son cantidades que se obtienen con una simple operaci\u00f3n aritm\u00e9tica. Y debe abonarse tanto la pensi\u00f3n alimenticia como la prestaci\u00f3n compensatoria. <\/em><\/p>\n\n\n\n<p>RESUMEN DE LA SENTENCIA: <\/p>\n\n\n\n<p>El Sr. Benito reconoce no\nhaber abonado la mensualidad de pensi\u00f3n alimenticia y prestaci\u00f3n compensatoria\ndel mes de marzo de 2019, ni los d\u00edas correspondientes al mes de septiembre de\n2018 transcurridos desde el dictado de la senten\u00adcia. La sentencia de apelaci\u00f3n\nse dict\u00f3 el d\u00eda 19 de septiembre de 2018. <\/p>\n\n\n\n<p>Alega el ejecutado que ambas,\nla pensi\u00f3n ali\u00admenticia y la prestaci\u00f3n compensatoria deben ser abonadas por\nmensualidades completas y de for\u00adma anticipada, y que no es procedente la\nreclama\u00adci\u00f3n de la parte correspondiente de los d\u00edas trans\u00adcurridos en el mes\nde septiembre desde el dictado de la resoluci\u00f3n. <\/p>\n\n\n\n<p>Debe ser desestimado este\nmotivo de oposi\u00adci\u00f3n. Si la sentencia no se dicta el d\u00eda uno del mes ello no\nimplica que no deban abonarse las canti\u00addades que corresponden a los d\u00edas\ntranscurridos del mes en que se dicta la sentencia. Por esos d\u00edas se abonar\u00e1 la\nparte proporcional correspondiente, y son cantidades que se obtienen con una\nsimple operaci\u00f3n aritm\u00e9tica. Y debe abonarse tanto la pensi\u00f3n alimenticia como\nla prestaci\u00f3n compensa\u00adtoria. Esta \u00faltima se fija en la sentencia de apela\u00adci\u00f3n\npor un periodo de dos a\u00f1os. Si el c\u00f3mputo si su devengo comienza el d\u00eda 19 de\nseptiembre de 2018 su finalizaci\u00f3n ser\u00e1 el d\u00eda 18 de septiembre de 2020, pero\nes procedente la reclamaci\u00f3n de la parte correspondiente a los d\u00edas del mes en\nque comienza el devengo de la prestaci\u00f3n. <\/p>\n\n\n\n<p>Debe por ello declararse la\nprocedencia de la reclamaci\u00f3n de la cantidad proporcional corres\u00adpondiente a\nlos d\u00edas del mes de septiembre de 2018 desde que se dict\u00f3 la sentencia, as\u00ed\ncomo la mensualidad del mes de marzo de 2019 por el con\u00adcepto de pensi\u00f3n\nalimenticia para el hijo com\u00fan de los litigantes como ejecuci\u00f3n definitiva. Y\ntambi\u00e9n declararse procedente la reclamaci\u00f3n de la pres\u00adtaci\u00f3n compensatoria,\ncomo ejecuci\u00f3n provisional, correspondiente al mismo periodo de tiempo, y ello\nal haberse solicitado por la parte ejecutante la acu\u00admulaci\u00f3n de las dos\nejecuciones, la provisional y la definitiva al amparo del art\u00edculo 555 de la\nLEC.<\/p>\n","protected":false},"excerpt":{"rendered":"<p>AP BARCELONA, SEC. 12.\u00aa, AUTO DE 12 DE MARZO DE 2020 Si la sentencia no&#8230;<\/p>\n","protected":false},"author":1,"featured_media":0,"comment_status":"closed","ping_status":"open","sticky":false,"template":"","format":"standard","meta":[],"categories":[379],"tags":[],"_links":{"self":[{"href":"https:\/\/artigasadvocats.com\/es\/wp-json\/wp\/v2\/posts\/17216\/"}],"collection":[{"href":"https:\/\/artigasadvocats.com\/es\/wp-json\/wp\/v2\/posts\/"}],"about":[{"href":"https:\/\/artigasadvocats.com\/es\/wp-json\/wp\/v2\/types\/post\/"}],"author":[{"embeddable":true,"href":"https:\/\/artigasadvocats.com\/es\/wp-json\/wp\/v2\/users\/1\/"}],"replies":[{"embeddable":true,"href":"https:\/\/artigasadvocats.com\/es\/wp-json\/wp\/v2\/comments\/?post=17216"}],"version-history":[{"count":1,"href":"https:\/\/artigasadvocats.com\/es\/wp-json\/wp\/v2\/posts\/17216\/revisions\/"}],"predecessor-version":[{"id":17217,"href":"https:\/\/artigasadvocats.com\/es\/wp-json\/wp\/v2\/posts\/17216\/revisions\/17217\/"}],"wp:attachment":[{"href":"https:\/\/artigasadvocats.com\/es\/wp-json\/wp\/v2\/media\/?parent=17216"}],"wp:term":[{"taxonomy":"category","embeddable":true,"href":"https:\/\/artigasadvocats.com\/es\/wp-json\/wp\/v2\/categories\/?post=17216"},{"taxonomy":"post_tag","embeddable":true,"href":"https:\/\/artigasadvocats.com\/es\/wp-json\/wp\/v2\/tags\/?post=17216"}],"curies":[{"name":"wp","href":"https:\/\/api.w.org\/{rel}","templated":true}]}}