{"id":17180,"date":"2020-04-14T13:06:09","date_gmt":"2020-04-14T11:06:09","guid":{"rendered":"http:\/\/artigasadvocats.com\/?p=17180"},"modified":"2020-04-14T13:06:11","modified_gmt":"2020-04-14T11:06:11","slug":"acuerdos-adoptados-por-la-comision-permanente-del-consejo-general-del-poder-judicial-en-la-sesion-extraordinaria-celebrada-el-dia-13-de-abril-de-2020","status":"publish","type":"post","link":"https:\/\/artigasadvocats.com\/es\/acuerdos-adoptados-por-la-comision-permanente-del-consejo-general-del-poder-judicial-en-la-sesion-extraordinaria-celebrada-el-dia-13-de-abril-de-2020\/","title":{"rendered":"ACUERDOS ADOPTADOS POR LA COMISION PERMANENTE DEL CONSEJO GENERAL DEL PODER JUDICIAL EN LA SESI\u00d3N EXTRAORDINARIA CELEBRADA EL D\u00cdA 13 DE ABRIL DE 2020"},"content":{"rendered":"\n<p>\n\n\n\n\n\n\n\nA C T A  N\u00ba\n\n\n\n\n\n\n\n\n\n\n\n<\/p>\n\n\n\n<p><strong>11-1- <\/strong>Mantener las actuaciones y servicios esenciales y la vigencia de\nlos acuerdos y las medidas adoptadas en relaci\u00f3n con ellos en las reuniones de\nla Comisi\u00f3n Permanente de los d\u00edas 13, 14, 16, 18 (en sus dos sesiones), 20,\n23, 25, 26, 28, 30 y 31 de marzo de 2020, y 2 y 8 de abril de 2020. En las\nactuaciones judiciales esenciales cabr\u00e1 la presentaci\u00f3n telem\u00e1tica de escritos\ny documentos, su registro, reparto y despacho de manera ordinaria, sin verse\nafectados por la suspensi\u00f3n e interrupci\u00f3n de t\u00e9rminos y plazos procesales. <\/p>\n\n\n\n<p>En relaci\u00f3n con las actuaciones y servicios no esenciales, podr\u00e1n\nrealizarse todas aquellas actuaciones procesales que no est\u00e9n vinculadas a un\nt\u00e9rmino o plazo procesal, sujetos a la regla de la interrupci\u00f3n o suspensi\u00f3n\nestablecida en la disposici\u00f3n adicional segunda del Real Decreto 463\/2020, y\nque puedan ser llevadas a cabo con los medios personales que, de forma\nconsensuada con este Consejo General del Poder Judicial y los \u00f3rganos de\ngobierno del Poder Judicial, fijen el Ministerio de Justicia y las\nAdministraciones prestacionales. <\/p>\n\n\n\n<p>De\neste modo, en las actuaciones y servicios no esenciales cabr\u00e1 la presentaci\u00f3n\nde los escritos iniciadores del procedimiento, su registro y reparto, as\u00ed como\nsu tramitaci\u00f3n conforme a las normas procesales aplicables hasta el momento en\nque d\u00e9 lugar a una actuaci\u00f3n procesal que abra un plazo que deba quedar\nsuspendido por virtud de la disposici\u00f3n adicional segunda del Real Decreto\n463\/2020. Lo mismo suceder\u00e1 respecto de los escritos de tr\u00e1mite, no vinculados\na t\u00e9rminos o plazos interrumpidos o suspendidos, y hasta que den lugar a\nactuaciones procesales que abran plazos procesales que deban quedar suspendidos\npor virtud de la disposici\u00f3n adicional segunda del Real Decreto 463\/2020.\nDichas actuaciones y servicios se realizar\u00e1n de acuerdo con los medios\npersonales disponibles, cuya suficiencia se valorar\u00e1 semanalmente por la\ncomisi\u00f3n mixta del Consejo General del Poder Judicial-Ministerio Justicia.<\/p>\n\n\n\n<p>&nbsp;Esta regla deber\u00e1 ser de\naplicaci\u00f3n tanto a las actuaciones de primera instancia como a las actuaciones\nde instancias sucesivas y del recurso de casaci\u00f3n. Asimismo, ser\u00e1 aplicable a\nlas actuaciones del Registro Civil no consideradas esenciales. <\/p>\n\n\n\n<p>Realizar un llamamiento a las Administraciones prestacionales para\nque adopten las medidas precisas a fin de garantizar que los \u00f3rganos judiciales\ndispondr\u00e1n de los medios personales y materiales necesarios para llevar a\nefecto las anteriores actuaciones, lo que ser\u00e1 objeto de seguimiento semanal en\nla referida comisi\u00f3n mixta. <\/p>\n\n\n\n<p>El presente Acuerdo entra en vigor el dia 15 de abril de 2020.<\/p>\n","protected":false},"excerpt":{"rendered":"<p>A C T A N\u00ba 11-1- Mantener las actuaciones y servicios esenciales y la vigencia&#8230;<\/p>\n","protected":false},"author":1,"featured_media":0,"comment_status":"closed","ping_status":"open","sticky":false,"template":"","format":"standard","meta":[],"categories":[379],"tags":[],"_links":{"self":[{"href":"https:\/\/artigasadvocats.com\/es\/wp-json\/wp\/v2\/posts\/17180\/"}],"collection":[{"href":"https:\/\/artigasadvocats.com\/es\/wp-json\/wp\/v2\/posts\/"}],"about":[{"href":"https:\/\/artigasadvocats.com\/es\/wp-json\/wp\/v2\/types\/post\/"}],"author":[{"embeddable":true,"href":"https:\/\/artigasadvocats.com\/es\/wp-json\/wp\/v2\/users\/1\/"}],"replies":[{"embeddable":true,"href":"https:\/\/artigasadvocats.com\/es\/wp-json\/wp\/v2\/comments\/?post=17180"}],"version-history":[{"count":2,"href":"https:\/\/artigasadvocats.com\/es\/wp-json\/wp\/v2\/posts\/17180\/revisions\/"}],"predecessor-version":[{"id":17182,"href":"https:\/\/artigasadvocats.com\/es\/wp-json\/wp\/v2\/posts\/17180\/revisions\/17182\/"}],"wp:attachment":[{"href":"https:\/\/artigasadvocats.com\/es\/wp-json\/wp\/v2\/media\/?parent=17180"}],"wp:term":[{"taxonomy":"category","embeddable":true,"href":"https:\/\/artigasadvocats.com\/es\/wp-json\/wp\/v2\/categories\/?post=17180"},{"taxonomy":"post_tag","embeddable":true,"href":"https:\/\/artigasadvocats.com\/es\/wp-json\/wp\/v2\/tags\/?post=17180"}],"curies":[{"name":"wp","href":"https:\/\/api.w.org\/{rel}","templated":true}]}}