{"id":17163,"date":"2020-04-03T13:57:35","date_gmt":"2020-04-03T11:57:35","guid":{"rendered":"http:\/\/artigasadvocats.com\/?p=17163"},"modified":"2020-04-03T13:57:38","modified_gmt":"2020-04-03T11:57:38","slug":"recopilacion-acuerdos-y-recomendaciones-en-atencion-al-estado-de-alarma-a-causa-del-covid-19","status":"publish","type":"post","link":"https:\/\/artigasadvocats.com\/es\/recopilacion-acuerdos-y-recomendaciones-en-atencion-al-estado-de-alarma-a-causa-del-covid-19\/","title":{"rendered":"RECOPILACI\u00d3N ACUERDOS Y RECOMENDACIONES EN ATENCI\u00d3N AL ESTADO DE ALARMA A CAUSA DEL COVID-19"},"content":{"rendered":"\n<p>ACUERDOS Y RECOMENDACIONES ADOPTADOS POR LOS JUZGADOS DE FAMILIA\nDE LA COMUNIDAD AUT\u00d3NOMA DE CATALUNYA Y DE LAS ISLAS BALEARES EN ATENCI\u00d3N AL\nESTADO DE ALARMA A CAUSA DEL COVID-19.<\/p>\n\n\n\n<p>RECOMENDACIONES DEL COMIT\u00c9 INTERDISCIPLINARIO DE CRISIS (EATAF,\nCOPC, CESS, TSCAT).<\/p>\n\n\n\n<p>RECOMENDACIONES DESDE EL DEPARTAMENTO DE JUSTICIA <\/p>\n\n\n\n<p>A FECHA 1 DE ABRIL DE 2020 <\/p>\n\n\n\n<p>(Recopilaci\u00f3n\nobtenida de SCAF (Societat Catalana d\u2019Advocats de Familia, www.scaf.cat ), de AEAFA\n(Asociaci\u00f3n Espa\u00f1ola de Abogados de Familia), de comunicaci\u00f3n del CGPJ,\nDepartament de Just\u00edcia de la Generalitat de Catalunya). <\/p>\n\n\n\n<p>El <strong>TSJC en acuerdo de 23 de marzo de 2020<\/strong>, decidi\u00f3 completar los acuerdos de la Presidencia del TSJC, y respecto a los procedimientos de familia acord\u00f3 en su disposici\u00f3n tercera que \u201c<em>En los <strong>procedimientos de familia <\/strong>corresponde al juez la decisi\u00f3n pertinente acerca de la suspensi\u00f3n, alteraci\u00f3n o modulaci\u00f3n del r\u00e9gimen de custodia, visitas y estancias acordado. Las medidas adoptadas judicialmente en estos procedimientos de familia no quedan afectadas por la regla general de suspensi\u00f3n de plazos y actuaciones procesales. Sin embargo, ante la necesidad de preservar la salud de los hijos y de los progenitores, la ejecuci\u00f3n pr\u00e1ctica del r\u00e9gimen establecido puede verse afectada por las limitaciones impuestas durante el estado de alarma. Para la modulaci\u00f3n de esta realidad, las juntas sectoriales de los Juzgados de Familia podr\u00e1n adoptar acuerdos de unificaci\u00f3n de criterios y establecer pautas de actuaci\u00f3n conjunta en orden a satisfacer las finalidades de protecci\u00f3n a que se orienta el Real Decreto 463\/2020\u201d. <\/em><strong> <\/strong><\/p>\n\n\n\n<p>Los <strong>Juzgados de Familia de Barcelona <\/strong>llevan suscritos\ndos acuerdos, el primero es de fecha 18 de marzo de 2020 y el segundo, lleva\nfecha de 24 de marzo de 2020. <\/p>\n\n\n\n<p>En\nel <strong>acuerdo de 18.3.2020, <\/strong>los Magistrados de Barcelona realizaron unos\nacuerdos y consideraciones que manifestaron que manten\u00edan su vigencia hasta el\n28 de marzo de 2020, y cuyo contenido es: <\/p>\n\n\n\n<p><strong>Primero.-\n<\/strong>El RD 463\/2020, de 14 de marzo, de declaraci\u00f3n\ndel estado de alarma no legitima el incumplimiento de resoluciones judiciales. <\/p>\n\n\n\n<p><strong>Segundo.-\n<\/strong>Los progenitores deber\u00e1n observar, en todo caso,\nlas normas de la autoridades gubernativas y sanitarias a los efectos de evitar\nla propagaci\u00f3n del coronavirus, procurando un ejercicio responsable de la\npotestad parental y alcanzando los mayores acuerdos posibles, teniendo siempre\npresente que nos encontramos ante una situaci\u00f3n excepcional y, por el momento,\npor un espacio de tiempo limitado de 15 d\u00edas naturales, esto es, hasta el\npr\u00f3ximo 28 de marzo de 2020. <\/p>\n\n\n\n<p><strong>Tercero.-\n<\/strong>Si alguno de los progenitores presenta s\u00edntomas\nde contagio o ha resultado positivo en el test del Covid-19, en inter\u00e9s de los\nhijos menores (art. 9.2 LOPJM) y para evitar su propagaci\u00f3n, es preferible que\nla guarda y custodia la ostente el otro progenitor, a fin de evitar su\npropagaci\u00f3n al menor cuya custodia tiene confiada, debi\u00e9ndose entenderse que,\nautom\u00e1ticamente concurre causa de fuerza mayor, que suspende provisionalmente,\nlas medidas acordadas en el proceso en que se acordaron. <\/p>\n\n\n\n<p><strong>Cuarto.-\n<\/strong>Fuera de los casos de s\u00edntomas de contagio o\nresultado positivo en el test del Covid-19, y en aras al m\u00e1s efectivo\ncumplimiento de los acuerdos de las autoridades sanitarias, que aconsejan\nreducir al m\u00e1ximo la movilidad de las personas, y salvo supuestos excepcionales\njustificados documentalmente, el sistema de responsabilidad parental deber\u00e1 ser\nejercido por el progenitor custodio (en supuestos de custodia exclusiva) o por\nel progenitor que ostenta la guarda en este momento (en supuestos de custodia\ncompartida). <\/p>\n\n\n\n<p><strong>Quinto.- <\/strong>A fin de conseguir el necesario y deseable contacto paterno-filial el progenitor custodio deber\u00e1 facilitar, particularmente por medios telem\u00e1ticos (skype, facetime, o video llamada de whastApp) el contacto del\/los hijo\/os con el progenitor no custodio, siempre y cuando no se perturben las rutinas u horarios de descanso de los menores. <strong> <\/strong><\/p>\n\n\n\n<p><strong>Sexto.- <\/strong>Con respecto a\nlos procedimientos de ejecuci\u00f3n que, en su caso, se presentaren, se proceder\u00e1\nal registro telem\u00e1tico de la demanda ejecutiva, siempre que se presente por la\nv\u00eda electr\u00f3nica de Ejcat, y dada la actual suspensi\u00f3n de los plazos procesales,\nse le dar\u00e1 el tr\u00e1mite ordinario, una vez alzada la declaraci\u00f3n del estado de\nalarma o, en su caso, su pr\u00f3rroga; salvo que la parte que presente la demanda o\nescrito manifieste de forma responsable la urgencia del mismo y el riesgo para\nel menor. <\/p>\n\n\n\n<p><strong>S\u00e9ptimo.-\n<\/strong>Dada la imprevisible duraci\u00f3n de la pandemia del\nCovid-19, e ignor\u00e1ndose si el estado de alarma se prolongar\u00e1 en el tiempo, la\neficacia de los presentes acuerdos se circunscribe al per\u00edodo temporal\ncomprendido entre el 15 de marzo de 2020 y el 28 de marzo de 2020, salvo que\ncircunstancias sobrevenidas o, en su caso, resoluciones posteriores del Consejo\nGeneral del Poder Judicial, aconsejen una revisi\u00f3n anterior, y sin perjuicio de\nsu pr\u00f3rroga de mantenerse las actuales circunstancias. <\/p>\n\n\n\n<p>En\nel acuerdo de <strong>24 de marzo de 2020, <\/strong>los Magistrados de Barcelona\nrealizaron unos acuerdos y consideraciones que manifestaron que manten\u00edan su\nvigencia hasta que finalizase el estado de alarma, y cuyo contenido es: <\/p>\n\n\n\n<p><strong>Primero.-\n<\/strong>El RD 463\/2020, de 14 de marzo, de declaraci\u00f3n\ndel estado de alarma no legitima el incumplimiento de resoluciones judiciales,\npor lo que <strong>se han de llevar a cabo y cumplir todos los sistemas de guarda,\ncustodia, visitas y comunicaciones fijadas en las resoluciones judiciales vigentes<\/strong>.\n<\/p>\n\n\n\n<p><strong>Segundo.-\n<\/strong>Los progenitores deber\u00e1n observar, en todo caso,\nlas normas de la autoridades gubernativas y sanitarias a los efectos de evitar\nla propagaci\u00f3n del coronavirus, procurando un ejercicio responsable de la\npotestad parental y alcanzando los mayores acuerdos posibles, teniendo siempre\npresente que nos encontramos ante una situaci\u00f3n excepcional y, por el momento,\npor un espacio de tiempo limitado hasta que finalice el estado de alarma. <\/p>\n\n\n\n<p><strong>Tercero.- <\/strong>Si alguno de los progenitores presenta s\u00edntomas de contagio o ha resultado positivo en el test del Covid-19, en inter\u00e9s de los hijos menores (art. 9.2 LOPJM) y para evitar su propagaci\u00f3n, es preferible que la guarda y custodia la ostente el otro progenitor, a fin de evitar su propagaci\u00f3n al menor cuya custodia tiene confiada, debi\u00e9ndose entenderse que, autom\u00e1ticamente concurre causa de fuerza mayor, que suspende provisionalmente, las medidas acordadas en el proceso en que se acordaron. <strong> <\/strong><\/p>\n\n\n\n<p><strong>Cuarto.- <\/strong>A fin de\nconseguir el necesario y deseable contacto paterno-filial el progenitor\ncustodio deber\u00e1 facilitar, particularmente por medios telem\u00e1ticos (skype,\nfacetime, o video llamada de whastApp) el contacto del\/los hijo\/os con el\nprogenitor no custodio, siempre y cuando no se perturben las rutinas u horarios\nde descanso de los menores. <\/p>\n\n\n\n<p><strong>Quinto.-\n<\/strong>Con respecto a los procedimientos de ejecuci\u00f3n\nque, en su caso, se presentaren, se proceder\u00e1 al registro telem\u00e1tico de la\ndemanda ejecutiva, siempre que se presente por la v\u00eda electr\u00f3nica de Ejcat, y\ndada la actual suspensi\u00f3n de los plazos procesales, se le dar\u00e1 el tr\u00e1mite\nordinario, una vez alzada la declaraci\u00f3n del estado de alarma o, en su caso, su\npr\u00f3rroga; salvo que la parte que presente la demanda o escrito manifieste de\nforma responsable la urgencia del mismo y el riesgo para el menor. <\/p>\n\n\n\n<p><strong>Sexto.-\n<\/strong>Dada la imprevisible duraci\u00f3n de la pandemia del\nCovid-19, e ignor\u00e1ndose si el estado de alarma se volver\u00e1 a prolongar en el\ntiempo, la eficacia de los presentes acuerdos se circunscribe al per\u00edodo\ntemporal comprendido entre el 24 de marzo de 2020 y hasta que se deje sin\nefecto el estado de alarma, salvo que circunstancias sobrevenidas o, en su\ncaso, resoluciones posteriores del Consejo General del Poder Judicial,\naconsejen una revisi\u00f3n anterior, y sin perjuicio de su pr\u00f3rroga de mantenerse\nlas actuales circunstancias. <\/p>\n\n\n\n<p>En\nfecha <strong>22 de marzo de 2020<\/strong>, los <strong>Juzgados de Girona <\/strong>acordaron\nunificar criterios y realizar las siguientes recomendaciones: <\/p>\n\n\n\n<p>a).-\nEn los casos de custodia compartida distribuida por semanas alternas o periodos\nsuperiores, los cambios se deber\u00e1n efectuar en las fechas que corresponda,\narbitrando en su caso la forma en que el menor resulte menos expuesto al\nCOVID-19. Para el caso que la custodia compartida tenga una distribuci\u00f3n\ndiferente, se exhorta a los progenitores para que mientras dure esta situaci\u00f3n\nexcepcional intenten distribuir los periodos de guarda como m\u00ednimo por semanas\nalternas, para as\u00ed evitar desplazamientos innecesarios de los menores. <\/p>\n\n\n\n<p>b).- Se mantendr\u00e1n las visitas de fines de semana en los supuestos de guarda exclusiva cuando exista pernocta. Si no existe pernocta, solo se mantendr\u00e1n un d\u00eda de cada fin de semana alterno. <strong> <\/strong><\/p>\n\n\n\n<p>c).- Se suspenden las visitas intersemanales con o sin\npernocta en los supuestos de guarda exclusiva, por suponer una exposici\u00f3n\ninnecesaria para el menor dada su brevedad. Aunque se trate de d\u00edas especiales,\ncomo por ejemplo cumplea\u00f1os de alguno de los hijos o progenitores. <\/p>\n\n\n\n<p>d).-\nSe mantiene la distribuci\u00f3n de las vacaciones de Semana Santa como se acord\u00f3 en\ncada resoluci\u00f3n judicial. <\/p>\n\n\n\n<p>e).-\nA fin de conseguir el necesario y deseable contacto paterno-filial el\nprogenitor custodio deber\u00e1 facilitar, particularmente por medios telem\u00e1ticos\n(Skype, facetime, videollamada, etc.) el contacto de los hijos con el\nprogenitor no custodio como m\u00ednimo una vez al d\u00eda, en horario que no perturbe\nel descanso o rutinas del menor. <\/p>\n\n\n\n<p>f).-\nSi alguno de los progenitores, hijos o personas que convivan en los respectivos\ndomicilios, presenta s\u00edntomas de contagio o ha resultado positivo en el test\ndel COVID-19, en inter\u00e9s de los hijos (art. 9.2 LOPJM) y para evitar su\npropagaci\u00f3n, la guarda y custodia la ostentar\u00e1 en todo caso el otro progenitor,\ndebi\u00e9ndose entenderse que concurre causa de fuerza mayor, que suspende\nprovisionalmente las medidas acordadas en el proceso en que se acordaron. <\/p>\n\n\n\n<p>g)\nCon respecto a los procedimientos de ejecuci\u00f3n que, en su caso, se presentaren,\nse proceder\u00e1 al registro telem\u00e1tico de la demanda ejecutiva, siempre que se\npresente por v\u00eda lexnet, y dada la actual suspensi\u00f3n de los plazos procesales,\nse le dar\u00e1 el tr\u00e1mite ordinario, una vez alzada la declaraci\u00f3n del estado de\nalarma o, en su caso, su pr\u00f3rroga. <\/p>\n\n\n\n<p>h).-\nSe suspenden las visitas tuteladas en los Puntos de Encuentro Familiar por\nsuponer una excesiva exposici\u00f3n de los menores y de los profesionales que\nprestan sus servicios en aquellos centros. <\/p>\n\n\n\n<p>i).-\nLa copia de la resoluci\u00f3n correspondiente ser\u00e1 t\u00edtulo suficiente para acreditar\nante los Cuerpos y Fuerzas de Seguridad del Estado la necesidad del\ndesplazamiento. <\/p>\n\n\n\n<p>j).- Se advierte a los progenitores que la situaci\u00f3n excepcional en la que se encuentra el pa\u00eds no debe servir de excusa ni amparar (salvo supuestos excepcionales y que en su caso se deber\u00e1n justificar adecuadamente) el incumplimiento de las medidas acordadas en las diferentes resoluciones judiciales, debiendo actuar en todo caso con prudencia, moderaci\u00f3n, sentido com\u00fan y buena fe. <strong> <\/strong><\/p>\n\n\n\n<p>Los <strong>Juzgados de Lleida<\/strong>, en fecha <strong>20 de marzo de\n2020<\/strong>, adoptaron los siguientes acuerdos: <\/p>\n\n\n\n<p>1.\nLos reg\u00edmenes de visitas establecidos se mantendr\u00e1n durante la vigencia del\nestado de alarma, con las particularidades que se exponen a continuaci\u00f3n. <\/p>\n\n\n\n<p>2.\nLos consistentes en visitas de fines de semana se mantendr\u00e1n con independencia\nde que exista o no pernocta con el progenitor de que se trate. <\/p>\n\n\n\n<p>3.\nLos consistentes en visitas intersemanales sin pernocta quedan suspendidos\ndurante la vigencia del estado de alarma, sin perjuicio de la comunicaci\u00f3n\ntelef\u00f3nica o telem\u00e1tica entre el progenitor de que se trate y el\/los menor\/es\nque en ning\u00fan caso queda suspendida, y los consistentes en visitas\nintersemanales con pernocta se mantendr\u00e1n. <\/p>\n\n\n\n<p>4.\nLa intervenci\u00f3n de los Puntos de Encuentro Familiar queda suspendida <\/p>\n\n\n\n<p>durante\nla vigencia del estado de alarma, quedando en consecuencia igualmente\nsuspendidas las visitas a desarrollar en los mismos, sin perjuicio de la\ncomunicaci\u00f3n telef\u00f3nica o telem\u00e1tica entre el progenitor de que se trate y\nel\/los menor\/es que en ning\u00fan caso queda suspendida, y quedando en consecuencia\nigualmente suspendidas las entregas y recogidas realizadas en dichos centros,\nsustituy\u00e9ndose por la realizaci\u00f3n a trav\u00e9s de una tercera persona. <\/p>\n\n\n\n<p>5.\nLo anteriormente expuesto se acuerda a fin de, conforme a un principio de\nproporcionalidad, reducir la exposici\u00f3n del\/ de los menor\/es garantizando al\nmismo tiempo el derecho de visitas del progenitor de que se trate. <\/p>\n\n\n\n<p>6. Lo anteriormente expuesto se acuerda sin perjuicio de lo que en su caso pudieran libremente pactar los progenitores durante la vigencia del estado de alarma, que en todo caso deber\u00e1 respetar estrictamente las medidas adoptadas por el Gobierno mediante el Real Decreto antes citado y sus modificaciones posteriores, y asegurar la protecci\u00f3n y el bienestar del\/de los menor\/es como inter\u00e9s superior. <\/p>\n\n\n\n<p>7.\nA los efectos de lo dispuesto en el art\u00edculo 7.1 h) del Real Decreto antes\ncitado, la copia de la resoluci\u00f3n judicial mediante la que se establezca el\nr\u00e9gimen de visitas ser\u00e1 t\u00edtulo suficiente para justificar ante los agentes de\nlos Cuerpos y Fuerzas de Seguridad del Estado el desplazamiento. <\/p>\n\n\n\n<p>8. Se pone de manifiesto a los progenitores que el estado de alarma no debe servir de excusa ni amparar, salvo fuerza mayor, el incumplimiento de los reg\u00edmenes de visitas, consider\u00e1ndose en todo caso fuerza mayor el contagio de cualquiera de los progenitores del denominado \u00abcoronavirus\u00bb, en cuyo caso claro est\u00e1 deber\u00e1 evitarse el contacto entre el progenitor contagiado y el\/los menor\/es. <\/p>\n\n\n\n<p>Los\n<strong>Juzgados de Tarragona y Reus<\/strong>, en fecha <strong>19 de marzo de 2020 <\/strong>realizaron\nadhesi\u00f3n a los acuerdos y consideraciones realizadas por los Juzgados de\nBarcelona, y en fecha <strong>23 de marzo de 2020<\/strong>, realizaron nota aclaratoria\nen los siguientes t\u00e9rminos: <\/p>\n\n\n\n<p>1.\nPor encima de todo, debe hacerse un llamamiento a los progenitores para que\nconcilien el ejercicio de responsabilidades parentales con la <strong>salvaguarda de\nla salud p\u00fablica<\/strong>, debiendo minimizar contactos que propicien contagios del\nCOVID-19. <\/p>\n\n\n\n<p>2.\nDe los puntos 1, 2 y 4 del Acuerdo de la Junta de Jueces de familia de\nBarcelona de 18 de marzo de 2020 se desprende que la norma general es que <strong>la\ndeclaraci\u00f3n del estado de alarma no suspende por s\u00ed misma ning\u00fan r\u00e9gimen de\ncustodia <\/strong>compartida o de visitas con custodia monoparental (art. 7.1.e RD\n463\/2020), que <strong>se podr\u00e1n seguir desarrollando con normalidad si existe\nacuerdo <\/strong>entre los progenitores. <\/p>\n\n\n\n<p>3.\nNo obstante, <strong>en caso de conflicto<\/strong>, habida cuenta de las recomendaciones\ne instrucciones de las autoridades sanitarias, el criterio que adoptan los\njueces de familia de Barcelona y al que nos adherimos los jueces de Tarragona y\nReus es no considerar incumplimiento injustificado que los menores permanezcan\ncon el progenitor con el que se encontraban en el momento de declararse el\nestado de alarma (14 de marzo de 2020), ya que ello est\u00e1 amparado por razones\nde salud p\u00fablica. Ello se entiende sin perjuicio de la posibilidad de\ncompensar, si procediese y estuviese justificado y a falta de acuerdo alcanzado\npor los progenitores, por un periodo limitado en el tiempo al progenitor que no\nha tenido al menor consigo durante la vigencia del estado de alarma con\nposterioridad a su levantamiento con mecanismos como el previsto en el art.\n776.3\u00aa LEC. <\/p>\n\n\n\n<p>4.\n<strong>Durante la vigencia del estado de alarma<\/strong>: <\/p>\n\n\n\n<p>a. <strong>Se suspenden las visitas realizadas en los Puntos de Encuentro Familiar<\/strong>, que permanecen cerrados. <strong> <\/strong><\/p>\n\n\n\n<p>b. Solo se admitir\u00e1n demandas basadas en el mero\nincumplimiento del r\u00e9gimen de custodia o visitas vigente entre los progenitores\nsi, de acuerdo con los <strong>arts. 158 CC y 236-3 CCCat<\/strong>, se alega que dicho\nincumplimiento entra\u00f1a un riesgo para la integridad del menor, ya que no se permite\nninguna otra actuaci\u00f3n judicial por parte del RD 463\/2020, que declara el\nestado de alarma. <\/p>\n\n\n\n<p>El\n<strong>25 de marzo de 2020<\/strong>, la Junta General de <strong>Jueces y Juezas de La Bisbal\nd\u2019Empord\u00e0<\/strong>, acord\u00f3: <\/p>\n\n\n\n<p>1.-\nLos progenitores deber\u00e1n observar en todo caso, las normas dispuestas por las\nautoridades gubernativas y sanitarias a los efectos de evitar la propagaci\u00f3n\ndel coronavirus, procurando un ejercicio responsable de la potestad parental y\nalcanzando los mayores acuerdos posibles, teniendo siempre presente que nos encontramos\nante una situaci\u00f3n excepcional. Se exhorta a los progenitores tanto en\nmodalidades de guarda compartida como r\u00e9gimen de visitas a fin de que redoblen\nlos esfuerzos, dadas las extraordinarias circunstancias, en orden a alcanzar\nacuerdos en beneficio de los menores que permitan reducir en lo posible el\nn\u00famero de desplazamientos de estos, sustituyendo, o disminuyendo en lo posible\nlas visitas intersemanales, mediante su compensaci\u00f3n con tiempos de estancia\ncontinuados con los menores. <\/p>\n\n\n\n<p>2.-En\ndefecto de acuerdo entre los progenitores: <\/p>\n\n\n\n<p>1.-\nEn los casos de custodia compartida, se deber\u00e1n efectuar los cambios en las\nfechas que correspondan, correspondiendo a todos los progenitores la adopci\u00f3n\nde las medidas adecuadas para garantizar la menor exposici\u00f3n al exterior de sus\nhijos con ocasi\u00f3n de dichos cambios. <\/p>\n\n\n\n<p>2.-\nSe mantendr\u00e1n las visitas de fines de semana en los supuestos de custodia tanto\ncompartida como individual, y exista o no pernocta. <\/p>\n\n\n\n<p>3.- Las visitas intersemanales con pernocta deber\u00e1 llevare a cago en sus propios t\u00e9rminos. <strong> <\/strong><\/p>\n\n\n\n<p>4.- En caso de tener que efectuar las visitas tuteladas en\nlos Puntos de Encuentro Familiar, y si estos se encontraran cerrados, se\nentender\u00e1 causa de fuerza mayor que impedir\u00e1 su cumplimiento. <\/p>\n\n\n\n<p>5.-\nSi alguno de los progenitores, hijos o personas que convivan en los respectivos\ndomicilios, presenta s\u00edntomas de contagio o ha resultado positivo en el teste\ndel COVID-19, en inter\u00e9s de los hijos (art. 9.2 LOPJM) y para evitar su\npropagaci\u00f3n, la guarda y custodia la ostentar\u00e1 en todo caso el otro progenitor,\ndebi\u00e9ndose entenderse que concurre causa de fuerza mayor, que suspende\nprovisionalmente las medias acotada en el proceso en que se acordaron. <\/p>\n\n\n\n<p>3.-\nA fin de conseguir el necesario y deseable contacto paternofiliar el progenitor\ncustodia deber\u00e1 facilitar, particularmente por medios telem\u00e1ticos (Skype,\nFacetime, o video llamada de Whatssap) el contacto de\/los hijo\/os con el\nprogenitor no custodia, siempre y cuando no se perturben las rutias u horarios\nde descanso de los menores. <\/p>\n\n\n\n<p>4.-\nCon car\u00e1cter general, las dudas que pudieran suscitarse por la aplicaci\u00f3n del\nr\u00e9gimen de visitas no amparar\u00eda l incoaci\u00f3n de un procedimiento del art\u00edculo\n158 del C\u00f3digo Civil, al no ser \u00e9ste el cauce procesal adecuado para atender\ndicha finalidad. Todo ello sin perjuicio del derecho a la tutela judicial\nefectiva que asiste a la partes y de la decisi\u00f3n que cada juez pueda adoptar en\ncada procedimiento en particular. <\/p>\n\n\n\n<p>5.-\nCon respecto a los procedimientos de ejecuci\u00f3n que, en su caso, se presentaren,\nse proceder\u00e1 al registro telem\u00e1tico de la demanda ejecutiva, siempre que es\npresente por la v\u00eda electr\u00f3nica de Ejcat, y dada l actual suspensi\u00f3n de los\nplazos procesales, se le dar\u00e1 el tr\u00e1mite ordinario, y una vez alzada la\ndeclaraci\u00f3n del estado de alarma, o en su caso ,su pr\u00f3rroga; salvo que la parte\nque presente la demanda o escrito manifiesta de forma responsable la urgencia\ndel mismo y el riesgo para el menor. <\/p>\n\n\n\n<p>6.- La copia de la resoluci\u00f3n correspondiente ser\u00e1 t\u00edtulo suficiente para acreditar ante los Cuerpos y Fuerzas de Seguridad del Estado la necesidad del desplazamiento. <strong> <\/strong><\/p>\n\n\n\n<p>En fecha <strong>24 de marzo de 2020, <\/strong>los <strong>Juzgados de\nCerdanyola del Vall\u00e9s <\/strong>suscribieron el presente acuerdo mientras se mantenga\nel estado de alarma: <\/p>\n\n\n\n<p><strong>Primero<\/strong>.- El RD 463\/2020, de 14 de marzo, de declaraci\u00f3n del estado\nde alarma no legitima el incumplimiento de resoluciones judiciales. <\/p>\n\n\n\n<p><strong>Segundo<\/strong>.- Los progenitores deber\u00e1n observar, en todo caso, las\nnormas de la autoridades gubernativas y sanitarias a los efectos de evitar la\npropagaci\u00f3n del coronavirus, procurando un ejercicio responsable de la potestad\nparental y alcanzando los mayores acuerdos posibles, teniendo siempre presente\nque nos encontramos ante una situaci\u00f3n excepcional. <\/p>\n\n\n\n<p><strong>Tercero.-\n<\/strong>Si alguno de los progenitores presenta s\u00edntomas\nde contagio o ha resultado positivo en el test del Covid-19, en inter\u00e9s de los\nhijos menores (art. 9.2 LOPJM) y para evitar su propagaci\u00f3n, es preferible que\nla guarda y custodia la ostente el otro progenitor, a fin de evitar su\npropagaci\u00f3n al menor cuya custodia tiene confiada, debi\u00e9ndose entenderse que,\nautom\u00e1ticamente concurre causa de fuerza mayor, que suspende provisionalmente,\nlas medidas acordadas en el proceso en que se acordaron. <\/p>\n\n\n\n<p><strong>Cuarto.<\/strong>&#8211; Fuera de los casos de s\u00edntomas de contagio o resultado\npositivo en el test de Covid-19, y en aras al efectivo cumplimiento de los\nacuerdos de las autoridades sanitarias, que aconsejan reducir al m\u00e1ximo la\nmovilidad de las personas, y salvo supuestos excepcionales justificados\ndocumentalmente, el sistema de responsabilidad parental ser\u00e1 ejercido por el\nprogenitor custodio (en casos de guarda exclusiva), o por el progenitor que\nostenta la guarda en este momento (supuestos de custodia compartida), y ello al\nentenderse que los traslados de menores entre distintos domicilios entra\u00f1an un\nriesgo, al duplicar las posibilidades de exposici\u00f3n de los mismos o sus\nprogenitores o encargados de su custodia a la enfermedad. <\/p>\n\n\n\n<p><strong>Quinto.-\n<\/strong>Con la finalidad de fomentar el necesario y\ndeseable contacto paterno-filial, el progenitor custodio deber\u00e1 facilitar,\nparticularmente por medios telem\u00e1ticos (Skype, facetime, o video llamada de\nwhastApp) el contacto del\/los hijo\/os con el progenitor no custodio, siempre y\ncuando no se perturben las rutinas u horarios de descanso de los menores. <\/p>\n\n\n\n<p><strong>Sexto.<\/strong>&#8211; Por regla general, no se considera motivo de procedimiento de medidas cautelares del art\u00edculo 158 del C\u00f3digo Civil las incidencias que puedan producirse como consecuencia de los supuestos incumplimientos del r\u00e9gimen de visitas y estancias de los menores, salvo circunstancias excepcionales que pudieran suponer un peligro grave e inminente para el menor a valorar por Juez\/a; y tampoco se despachara ejecuci\u00f3n por incumplimientos derivados del confinamiento involuntario acordado en el Real Decreto 463\/2020. <\/p>\n\n\n\n<p><strong>S\u00e9ptimo<\/strong>.- estos criterios tendr\u00e1n car\u00e1cter orientativito y en todo\ncaso ser\u00e1n susceptibles de revisi\u00f3n en caso de cambio de la normativa vigente\ndurante la situaci\u00f3n de alarma o de sus sucesivas pr\u00f3rrogas. <\/p>\n\n\n\n<p>En\nfecha <strong>23 de marzo de 2020<\/strong>, los <strong>Juzgados de Granollers<\/strong>,\nsuscribieron el presente acuerdo <\/p>\n\n\n\n<p>1)\nEn principio no queda suspendido el r\u00e9gimen de visitas y estancias que cada menor\ntenga por sentencia pero, aplicando el resto de las obligaciones impuestas a\nlos ciudadanos y en aras del bien com\u00fan y del bienestar de toda la poblaci\u00f3n,\nresultar\u00eda aconsejable acordar y consensuar entre los progenitores alguna\nmedida sensata, flexible y que tenga en cuenta por encima de todo el inter\u00e9s\nsuperior de los menores al que se refiere el art. 2 de la LOPJM 1\/1996 y el\nart. 3 de la Convenci\u00f3n de los Derechos del Ni\u00f1o, atendiendo siempre, por\nsupuesto, al inter\u00e9s general; <\/p>\n\n\n\n<p>2)\nLos progenitores deber\u00e1n observar, en todo caso, las normas de la autoridades\ngubernativas y sanitarias a los efectos de evitar la propagaci\u00f3n del\ncoronavirus, procurando un ejercicio responsable de la potestad parental y\nalcanzando los mayores acuerdos posibles; <\/p>\n\n\n\n<p>3)\nAnte esta situaci\u00f3n excepcional y, como regla general, no se despachar\u00e1\nejecuci\u00f3n por supuestos incumplimientos derivados del confinamiento\ndomiciliario acordado en el Real Decreto 463\/2020, que declara el estado de\nAlarma; <\/p>\n\n\n\n<p>4) Y, como regla general, no se considerar\u00e1 motivo para incoar el procedimiento de medidas cautelares del art\u00edculo 158 del C\u00f3digo Civil las incidencias que puedan producirse como consecuencia de tales supuestos incumplimientos. En cualquier caso, apelamos, como siempre, al sentido com\u00fan, a la buena fe y al inter\u00e9s superior de los menores, as\u00ed como a la generosidad de los progenitores para que procedan a distinguir entre incumplimientos voluntarios -aprovechando la emergencia nacional- e incumplimientos necesarios, evitando ampararse en la situaci\u00f3n de emergencia para retener a los\/las menores y\/o limitar la relaci\u00f3n de \u00e9stos con el otro progenitor, dado que, en este caso, est\u00e1 en juego, adem\u00e1s de su adecuado desarrollo, la salud y la vida de todos; <strong> <\/strong><\/p>\n\n\n\n<p>5) La declaraci\u00f3n de estado de alarma, conforme el indicado\nReal Decreto 463\/2020, no elimina el derecho de visitas y custodia derivado del\ncorrecto ejercicio de la patria potestad, pues el art\u00edculo 7.1 e) del citado\nDecreto permite el desplazamiento para la asistencia y cuidado de mayores,\nmenores, dependientes, personas con discapacidad o personas especialmente\nvulnerables; <\/p>\n\n\n\n<p>6)\nLo que no significa que, por virtud del referido Real Decreto, queden\neliminadas las visitas o est\u00e9n prohibidos los intercambios pues, en ocasiones,\npueden ser, incluso, necesarios o ineludibles para conciliar vida laboral,\nfamiliar y salud; <\/p>\n\n\n\n<p>7)\nAhora bien, los acuerdos de los progenitores al respecto, siempre convenientes,\ndeber\u00e1n reducir los intercambios al m\u00ednimo posible, con estancias semanales, quincenales\no, incluso, mensuales, seg\u00fan las circunstancias y necesidades de cada caso,\npudiendo servir de ejemplo lo acordado para per\u00edodos estivales, al tiempo que\npueden utilizar o aumentar, en su caso, las telecomunicaciones que permitan el\ncontacto con el progenitor que no se encuentre en ese momento con los hijos\ndurante dicha limitaci\u00f3n, mediante comunicaci\u00f3n v\u00eda telef\u00f3nica, Skype,\nFacetime, o WhatsApp con el menor, debiendo el progenitor custodio obligado a\nfacilitar dicha comunicaci\u00f3n, y velando siempre porque no se perturben las\nrutinas u horarios de descanso de los menores; <\/p>\n\n\n\n<p>8)\nTodo lo expuesto se entiende sin perjuicio de las modificaciones que los\nprogenitores, tras el cese de la presente situaci\u00f3n excepcional, puedan instar\ny que, por los respectivos tr\u00e1mites, podr\u00e1n dar lugar a cambios del r\u00e9gimen de\nvisitas, valorando, en su caso, el abuso de derecho, la mala fe o las actitudes\ninjustificadas que hayan podido perjudicar a los progenitores o a los menores,\no hayan puesto en peligro la salud de los mismos o la Salud P\u00fablica. <\/p>\n\n\n\n<p>En\nfecha <strong>20 de marzo de 2020<\/strong>, los <strong>Juzgados de Matar\u00f3 <\/strong>unificaron\ncriterios con aplicaci\u00f3n desde el 15 de marzo hasta el 28 de marzo o el per\u00edodo\nen que se extienda el estado de alarma, en el siguiente sentido: <\/p>\n\n\n\n<p><strong>Primero. <\/strong>&#8211; El RD 463\/2020, de 14 de marzo, de declaraci\u00f3n del estado de alarma no legitima el incumplimiento de resoluciones judiciales. <strong> <\/strong><\/p>\n\n\n\n<p><strong>Segundo<\/strong>.- Los\nprogenitores deber\u00e1n observar, en todo caso, las normas de la autoridades\ngubernativas y sanitarias a los efectos de evitar la propagaci\u00f3n del\ncoronavirus, procurando un ejercicio responsable de la potestad parental y\nalcanzando los mayores acuerdos posibles, teniendo siempre presente que nos\nencontramos ante una situaci\u00f3n excepcional y, por el momento, por un espacio de\ntiempo limitado de 15 d\u00edas naturales, esto es, hasta el pr\u00f3ximo 28 de marzo de\n2020 o el per\u00edodo al que se extienda la situaci\u00f3n de alarma. <\/p>\n\n\n\n<p><strong>Tercero.-\n<\/strong>Si alguno de los progenitores presenta s\u00edntomas\nde contagio o ha resultado positivo en el test del Covid-19, en inter\u00e9s de los\nhijos menores (art. 9.2 LOPJM) y para evitar su propagaci\u00f3n, es preferible que\nla guarda y custodia la ostente el otro progenitor, a fin de evitar su\npropagaci\u00f3n al menor cuya custodia tiene confiada, debi\u00e9ndose entenderse que,\nautom\u00e1ticamente concurre causa de fuerza mayor, que suspende provisionalmente,\nlas medidas acordadas en el proceso en que se acordaron. <\/p>\n\n\n\n<p><strong>Cuarto.-\n<\/strong>Fuera de los casos de s\u00edntomas de contagio o\nresultado positivo en el test del Covid-19, y en aras al m\u00e1s efectivo\ncumplimiento de los acuerdos de las autoridades sanitarias, que aconsejan\nreducir al m\u00e1ximo la movilidad de las personas, y salvo supuestos excepcionales\njustificados documentalmente, el sistema de responsabilidad parental deber\u00e1 ser\nejercido por el progenitor custodio (en supuestos de custodia exclusiva) o por\nel progenitor que ostenta la guarda en este momento (en supuestos de custodia\ncompartida). <\/p>\n\n\n\n<p><strong>Quinto<\/strong>. &#8211; A fin de conseguir el necesario y deseable contacto\npaterno-filial el progenitor custodio deber\u00e1 facilitar, particularmente por\nmedios telem\u00e1ticos (skype, facetime, o video llamada de whastApp o cualquier\notro) el contacto del\/los hijo\/os con el progenitor no custodio, siempre y\ncuando no se perturben las rutinas u horarios de descanso de los menores. <\/p>\n\n\n\n<p><strong>Sexto<\/strong>. &#8211; Con respecto a los procedimientos de ejecuci\u00f3n que, en su\ncaso, se presentaren, se proceder\u00e1 al registro telem\u00e1tico de la demanda\nejecutiva, siempre que se presente por v\u00eda <em>lexnet<\/em>, y dada la actual\nsuspensi\u00f3n de los plazos procesales, se le dar\u00e1 el tr\u00e1mite ordinario, una vez\nalzada la declaraci\u00f3n del estado de alarma o, en su caso, su pr\u00f3rroga. <\/p>\n\n\n\n<p><strong>S\u00e9ptimo<\/strong>.- Dada la imprevisible duraci\u00f3n de la pandemia del Covid-19, e ignor\u00e1ndose si el estado de alarma se prolongar\u00e1 en el tiempo, la eficacia de los presentes acuerdos se circunscribe al per\u00edodo temporal comprendido entre el 15 de marzo de 2020 y el 11 de abril de 2020, salvo que circunstancias sobrevenidas o, en su caso, resoluciones posteriores del Consejo General del Poder Judicial, aconsejen una revisi\u00f3n anterior, y sin perjuicio de su pr\u00f3rroga de mantenerse las actuales circunstancias <\/p>\n\n\n\n<p>En\nfecha <strong>25 de marzo de 2020<\/strong>, el CGPJ public\u00f3 los acuerdos a los que hab\u00edan\nllegado los <strong>Juzgados de Familia y Violencia de Palma de Mallorca <\/strong>y que\nson los siguientes: <\/p>\n\n\n\n<p>Primero.-\nPRIMAC\u00cdA DEL ACUERDO ENTRE LOS PROGENITORES. <\/p>\n\n\n\n<p>Se\ninsta a ambos progenitores para que, en beneficio de los hijos menores, y\napelando a la l\u00f3gica, la sensatez y la prudencia, intenten alcanzar acuerdos en\naras a minimizar la salida de los menores de los respectivos domicilios,\nalargando visitas y reduciendo el n\u00famero de ellas. Esta modificaci\u00f3n\nconsensuada supone una modulaci\u00f3n o modificaci\u00f3n meramente coyuntural y\nprovisional del r\u00e9gimen de custodia, visitas y estancias y de la forma de\nejecutarlo, que se ver\u00e1 plenamente reestablecido conforme a resoluci\u00f3n\njudicial, una vez se alce el estado de alarma o cualquiera de sus pr\u00f3rrogas\ndecretado por el Gobierno. <\/p>\n\n\n\n<p>Segundo.-\nPUNTOS DE ENCUENTRO. <\/p>\n\n\n\n<p>Se\nratifica la suspensi\u00f3n de los reg\u00edmenes de visitas en el Punto de Encuentro. <\/p>\n\n\n\n<p>Se\nratifica que en aquellos reg\u00edmenes, en r\u00e9gimen de intercambio, se podr\u00e1\nrecurrir a la asistencia de otra persona que se encargue del intercambio. <\/p>\n\n\n\n<p>Se\nrecomienda documentar el nombramiento de esta persona, en aras a facilitar la\ncirculaci\u00f3n de la misma por la v\u00eda p\u00fablica. <\/p>\n\n\n\n<p>Tercero.-\nPROCEDIMIENTOS DE JURISDICCI\u00d3N VOLUNTARIA y EJECUCIONES DE VISITAS. <\/p>\n\n\n\n<p>Seg\u00fan las directrices del Consejo General de Poder Judicial, solamente se dar\u00e1 tramitaci\u00f3n preferente a aquellos procedimientos que versen sobre medidas cautelares u otras actuaciones inaplazables, as\u00ed como las medidas de protecci\u00f3n de menores del art\u00edculo 158 CC., particularmente en su ordinal 2\u00ba: \u00ab[l]as disposiciones apropiadas a fin de evitar a los hijos perturbaciones da\u00f1osas en los casos de cambio de titular de la potestad de guarda\u00bb, y especialmente en su ordinal 6\u00ba: \u00ab[e]n general, las dem\u00e1s disposiciones que considere oportunas, a fin de apartar al menor de un peligro o de evitarle perjuicios en su entorno familiar o frente a terceras personas\u00bb-, para lo cual se utilizar\u00e1 el cauce procedimental adecuado, bien jurisdicci\u00f3n voluntaria, bien proceso ejecutivo. <\/p>\n\n\n\n<p>La\nJunta acuerda que no podr\u00e1 invocarse un incumplimiento del r\u00e9gimen de visitas\npara sustentar una reclamaci\u00f3n por la v\u00eda jurisdicci\u00f3n voluntaria. <\/p>\n\n\n\n<p>Los\nincumplimientos del r\u00e9gimen de visitas deber\u00e1n denunciarse, en todo caso,\ndentro del proceso de ejecuci\u00f3n correspondiente. <\/p>\n\n\n\n<p>Se\ndespachar\u00e1 \u00fanicamente ejecuci\u00f3n en los supuestos de urgencia, previamente\njustificada documentalmente a trav\u00e9s del soporte m\u00ednimo probatorio (grabaciones\nde audio, mensajes de Whatsapp, correos electr\u00f3nicos, informes m\u00e9dicos). Para los\nrestantes supuestos que no se encuadren dentro de la urgencia exigida, se\nseguir\u00e1 su tramitaci\u00f3n ordinaria, una vez se alce el estado de alarma o\ncualquiera de sus pr\u00f3rrogas decretado por el Gobierno. <\/p>\n\n\n\n<p>Cuarto.-\nDIRECTRICES DE LA JUNTA SOBRE LAS ESTANCIAS DE LOS MENORES CON LOS\nPROGENITORES. <\/p>\n\n\n\n<p>La\nJunta de Jueces acuerda que el art\u00edculo 7 del RD 463\/2020 de 14 de marzo,\nhabilita para la circulaci\u00f3n de personas, en ejecuci\u00f3n del r\u00e9gimen de custodia\ny\/o visitas. <\/p>\n\n\n\n<p>En\nconsecuencia, la negativa injustificada de alguno de los progenitores a\nentregar a su hijo\/a menor a su padre\/madre no se considera justificada,\nampar\u00e1ndose en dicho Real Decreto, sin perjuicio de ulteriores modificaciones\ndel mismo, en funci\u00f3n de la evoluci\u00f3n de la emergencia sanitaria provocada por\nel coronavirus COVID-19. En este sentido, el art\u00edculo 7 de dicho Real Decreto,\nque recoge los l\u00edmites de la libertad de circulaci\u00f3n de las personas, permite\nla circulaci\u00f3n de personas por las v\u00edas de uso p\u00fablico para la asistencia de\ncuidado y menores. <\/p>\n\n\n\n<p>Por lo anterior, los Jueces acuerdan que todas las estancias que no se lleven a cabo por la actitud obstativa de alguno de los progenitores dar\u00e1n lugar a la compensaci\u00f3n de los correspondientes periodos en la forma y tiempo que elija el progenitor perjudicado. <strong> <\/strong><\/p>\n\n\n\n<p>No obstante, en aras a minimizar las salidas de los menores\nen pro de la salud p\u00fablica, y siempre que los progenitores no alcancen acuerdo\ndistinto, se acuerda, con car\u00e1cter excepcional y dentro del criterio de\nprudencia que debe velar toda decisi\u00f3n judicial: <\/p>\n\n\n\n<p>1.-\nSuspender las visitas intersemanales, salvo criterio distinto de los\nprogenitores hasta que se alce el estado de alarma o cualquiera de sus\npr\u00f3rrogas decretado por el Gobierno. Se recomienda a los progenitores que\nlogren acuerdos tendentes a acumular a los fines de semana o alargar dichas\nvisitas, con derecho por parte del progenitor que no ha disfrutado de las\nmismas a ser compensado. <\/p>\n\n\n\n<p>2.-\nMantener las estancias de fin de semana en los t\u00e9rminos que hayan sido acordado\nen resoluci\u00f3n judicial. <\/p>\n\n\n\n<p>3.-\nMantener el r\u00e9gimen acordado en las resoluciones judiciales para los per\u00edodos\nvacacionales, en especial, el pr\u00f3ximo de Semana Santa. <\/p>\n\n\n\n<p>4.-\nEn cuanto al sistema de custodia compartida, se estar\u00e1 para su cumplimiento a\nlo previamente acordado en resoluci\u00f3n judicial, en aras de favorecer las\nrelaciones entre ambos progenitores, salvo que ambos progenitores decidan de\nmutuo acuerdo modular o modificar el sistema adoptado en aras de evitar riesgos\na los hijos menores. <\/p>\n\n\n\n<p>5.-\nSe recomienda que cualquier cambio acordado entre los progenitores sea\ndocumentado en aras a facilitar la circulaci\u00f3n por las v\u00edas p\u00fablicas. <\/p>\n\n\n\n<p>6.- Se recomienda a los progenitores que recurran a sistemas de comunicaci\u00f3n, tales como las videollamadas para promover la relaci\u00f3n con sus hijos (whats up, Skype, Google, facetime\u2026). En consecuencia, los progenitores deber\u00e1n facilitar el uso de estos canales, siempre que se realicen en horas adecuadas para los hijos. <strong> <\/strong><\/p>\n\n\n\n<p>En fecha <strong>24 de marzo de 2020, <\/strong>los <strong>Juzgados de Puigcerd\u00e0\n<\/strong>acordaron: <\/p>\n\n\n\n<p>a).-\nEn els casos de custodia compartida per setmanes alternes o per\u00edodes superiors,\nes mant\u00e9 el r\u00e8gim acordat, recordant als progenitors que els intercanvis s\u2019\nhauran de dur a terme minimitzant en la mesura del possible l\u2019exposici\u00f3 dels\nmenors al COVID-19. Si el sistema de cust\u00f2dia compartida \u00e9s diferent al de\nsetmanes alternes, es recomana als progenitors consensuar un sistema de\nsetmanes alternes per d\u2019aquesta manera evitar despla\u00e7aments innecessaris. <\/p>\n\n\n\n<p>b).-\nEn els casos de cust\u00f2dia exclusiva, es mantenen els caps de setmana alterns amb\npernocta. En cas de no existir pernocta, el sistema passar\u00e0 a ser d\u2019 un dia\n(dissabte o diumenge) a triar per el progenitor amb qui hagi\/n d\u2019estar el\/s\nmenor\/s en caps de setmana alterns. Durant aquest dia, l\u2019 horari de recollida\ndel menor ser\u00e0 a les 10 hores del mat\u00ed, i el retorn, a les 19 hores. <\/p>\n\n\n\n<p>c).-\nQueden suspensos tots els dies de visita entre setmana en els casos de cust\u00f2dia\nexclusiva. Aquesta suspensi\u00f3 compr\u00e8n dates especials com ara aniversaris dels\nfills, progenitors o familiars. <\/p>\n\n\n\n<p>d).-\nLes vacances de setmana santa es mantindran en els termes acordats en la\nsent\u00e8ncia\/interlocut\u00f2ria corresponent. <\/p>\n\n\n\n<p>e).-\nEls progenitors cuidaran de facilitar i afavorir la relaci\u00f3 amb el progenitor\nno custodi per els mitjans t\u00e8cnics i telem\u00e0tics disponibles, sempre de manera\nproporcionada i en horaris raonables, de manera que no s\u2019alteri el descans i\nrutines del menor. <\/p>\n\n\n\n<p>f).-\nSi algun dels progenitors, fills o convivents de qualsevol d\u2019ells presenta\ns\u00edmptomes de la malaltia o ha resultat positiu en el test de COVID-19, partint\ndel criteri de superior inter\u00e8s del menor, el menor passar\u00e0 a estar en\ncompanyia del progenitor no afectat, quedant SUSP\u00c8S el sistema de cust\u00f2dia\nvigent, suspensi\u00f3 que ser\u00e0 efectiva durant el per\u00edode de quarantena de la\npersona afectada. <\/p>\n\n\n\n<p>g) Les demandes executives que en presentin seran registrades telem\u00e0ticament (via lexnet) recordant que at\u00e8s que actualment els terminis processals estan suspesos, es tramitaran un cop hagi finalitzat l\u2019actual estat d\u2019alarma o, eventualment, les seves prorrogues. <strong> <\/strong><\/p>\n\n\n\n<p>h).- Les visites programades al Punt de Trobada <strong>queden\nsuspeses <\/strong>a fi i efecte d\u2019evitar una exposici\u00f3 innecess\u00e0ria dels menors\nprincipalment, aix\u00ed com tamb\u00e9 dels progenitors i professionals del centre. <\/p>\n\n\n\n<p>i).-\nLa c\u00f2pia de la resoluci\u00f3 que estableixi el sistema de cust\u00f2dia\n(interlocut\u00f2ria\/sent\u00e8ncia) servir\u00e0 com a t\u00edtol per justificar davant de les\nautoritats policials la necessitat del despla\u00e7ament, advertint als interessats\nque l\u2019 \u00fas fraudulent de la mateixa podr\u00e0 donar lloc a les responsabilitats\nadministratives i\/o penals corresponents. <\/p>\n\n\n\n<p>j).-\nTot i l\u2019excepcionalitat de l\u2019actual situaci\u00f3 es fa necessari recordar als\nprogenitors la necessitat de donar compliment a les resolucions judicials tret\naquells casos en que no sigui possible, casos que hauran de quedar acreditats\ndegudament. Aix\u00ed mateix, recordar que la falta de compliment injustificat per\npart de qualsevol dels progenitors d\u2019all\u00f2 que s\u2019estableix a les resolucions en\nmat\u00e8ria de cust\u00f2dia podr\u00e0 donar lloc, en el seu cas, a una revisi\u00f3 de les\nmesures acordades. <\/p>\n\n\n\n<p>En\nfecha <strong>25 de marzo de 2020, <\/strong>los <strong>Juzgados de Rub\u00ed <\/strong>suscribieron los\nsiguientes acuerdos: <\/p>\n\n\n\n<p><strong>1\u00ba\n<\/strong>Recordar que la suspensi\u00f3n de plazos y de la\nactividad judicial establecida en el mencionado Real Decreto 463\/2020 no\nimplica la suspensi\u00f3n autom\u00e1tica de las medidas sobre reg\u00edmenes de custodia y\nvisitas de hijos comunes, ya que la obligaci\u00f3n general de cumplimiento de las\nresoluciones judiciales no viene afectada por dicha suspensi\u00f3n como ha se\u00f1alado\nla Comisi\u00f3n Permanente del Consejo General del Poder Judicial en sesi\u00f3n\nextraordinaria de 20 de marzo de 2020. <\/p>\n\n\n\n<p><strong>2\u00ba <\/strong>Los progenitores deber\u00e1n observar, en todo caso, las normas de las autoridades gubernativas y sanitarias a los efectos de evitar la propagaci\u00f3n del coronavirus, procurando un ejercicio responsable de la potestad parental y alcanzando los mayores acuerdos posibles, teniendo siempre presente que nos encontramos ante una situaci\u00f3n excepcional hasta que finalice el estado de alarma o sus sucesivas pr\u00f3rrogas. A tal efecto, los progenitores podr\u00e1n modificar temporalmente, de com\u00fan acuerdo y en beneficio de sus hijos menores, el r\u00e9gimen de guarda y custodia y de visitas, para modificar los tiempos de cada progenitor, en atenci\u00f3n a las especiales circunstancias laborales, sanitarias o de otra \u00edndole que tengan en estos momentos uno o ambos progenitores y en aras a reducir el n\u00famero de desplazamientos a efectuar. <\/p>\n\n\n\n<p><strong>3\u00ba\n<\/strong>Si alguno de los progenitores presenta s\u00edntomas\nde contagio o a ha resultado positivo en el test del Covid-19, en inter\u00e9s de\nlos hijos menores y para evitar su propagaci\u00f3n, es preferible que la guarda y\ncustodia la ostente provisionalmente el otro progenitor siempre que ello sea\nposible atendiendo a las circunstancias, en especial distancia geogr\u00e1fica,\nexistencia o no de apoyo familiar del progenitor custodio, posibilidades\necon\u00f3micas para efectuar el desplazamiento, existencia de terceras personas de\nconfianza y otras an\u00e1logas. <\/p>\n\n\n\n<p><strong>4\u00ba\n<\/strong>Poner en conocimiento que los reg\u00edmenes de\nvisitas que se desarrollan con intervenci\u00f3n de los Puntos de Encuentro\nFamiliar, se encuentran suspendidos por la suspensi\u00f3n de la actividad de los\nmismos acordada por la autoridad competente. En caso de que la intervenci\u00f3n del\nPunto de Encuentro Familiar se limita al intercambio o en caso de que el mismo\nse desarrollaran a trav\u00e9s de los centros educativos, los progenitores podr\u00e1\ndesignar un tercera persona de su confianza para realizar tales intercambios\nespecialmente en casos donde concurra prohibici\u00f3n de aproximaci\u00f3n entre los\nprogenitores. <\/p>\n\n\n\n<p><strong>5\u00ba\n<\/strong>El progenitor custodio deber\u00e1 facilitar la\ncomunicaci\u00f3n por medios telem\u00e1ticos del\/los hijo\/os con el progenitor no\ncustodio en la medida de lo posible. <\/p>\n\n\n\n<p><strong>6\u00ba\n<\/strong>En todo caso, en las posibles ejecuciones que\nderiven de los incumplimientos que se pudieran dar en este per\u00edodo excepcional\nse tratar\u00e1n de forma flexible al objeto de apreciar causa de fuerza mayor o\nimposibilidad de cumplimiento, atendiendo a las circunstancias de cada caso, en\nespecial en caso de visitas intersemanales o de corta duraci\u00f3n en aras a\nminimizar los desplazamientos. Con respecto a dichos procedimientos que, en su\ncaso, se presenten, se proceder\u00e1 al registro telem\u00e1tico de la demanda\nejecutiva, siempre que se presente por v\u00eda Lexnet, y dada la actual suspensi\u00f3n\nde los plazos procesales, se le dar\u00e1 el tr\u00e1mite ordinario, una vez alzada la\ndeclaraci\u00f3n de estado de alarma o, en su caso, su pr\u00f3rroga. <\/p>\n\n\n\n<p><strong>7\u00ba <\/strong>Se inadmitir\u00e1n a tr\u00e1mite todos los incidentes relacionados con el art. 158 del C\u00f3digo Civil y 236-3 Ley 25\/2010, de 29 de julio, del libro segundo del C\u00f3digo Civil de Catalu\u00f1a, relativo a la persona y familia que se refieran a meros incumplimientos del r\u00e9gimen de custodia o de visitas que deriven de la actual situaci\u00f3n salvo que concurran circunstancias acreditadas de riesgo cierto y extraordinario para los menores. <strong> <\/strong><\/p>\n\n\n\n<p><strong>8\u00ba <\/strong>La copia de la resoluci\u00f3n correspondiente ser\u00e1\nt\u00edtulo suficiente para acreditar ante los Cuerpos y Fuerzas de Seguridad de\nEstado la necesidad del desplazamiento del menor y del progenitor que lo\nacompa\u00f1e. <\/p>\n\n\n\n<p>En\nfecha <strong>23 de marzo de 2020<\/strong>, los <strong>Juzgados de Sabadell <\/strong>suscribieron\nlos siguientes acuerdos: <\/p>\n\n\n\n<p>Primero.-\nEl RD 463\/2020, de 14 de marzo, de declaraci\u00f3n del estado de alarma no legitima\nel incumplimiento de resoluciones judiciales. <\/p>\n\n\n\n<p>Segundo.-\nLos progenitores deber\u00e1n observar, en todo caso, las normas de la autoridades\ngubernativas y sanitarias a los efectos de evitar la propagaci\u00f3n del\ncoronavirus, procurando un ejercicio responsable de la potestad parental y\nalcanzando los mayores acuerdos posibles, teniendo siempre presente que nos\nencontramos ante una situaci\u00f3n excepcional. <\/p>\n\n\n\n<p>Tercero.-\nSi alguno de los progenitores presenta s\u00edntomas de contagio o ha resultado\npositivo en el test del Covid-19, en inter\u00e9s de los hijos menores (art. 9.2\nLOPJM) y para evitar su propagaci\u00f3n, es preferible que la guarda y custodia la\nostente el otro progenitor, a fin de evitar su propagaci\u00f3n al menor cuya\ncustodia tiene confiada, debi\u00e9ndose entenderse que, autom\u00e1ticamente concurre\ncausa de fuerza mayor, que suspende provisionalmente, las medidas acordadas en\nel proceso en que se acordaron. <\/p>\n\n\n\n<p>Cuarto.-\nLa declaraci\u00f3n de estado de alarma, conforme el indicado Real Decreto 463\/2020,\nno elimina el derecho de visitas y custodia derivado del correcto ejercicio de\nla patria potestad, pues el art\u00edculo 7.1 e) del citado Decreto permite el\ndesplazamiento para la asistencia y cuidado de mayores, menores, dependientes,\npersonas con discapacidad o personas especialmente vulnerables. Tanto en los\nsupuestos en los que est\u00e9 establecido un r\u00e9gimen de guarda y custodia\ncompartida, como en los supuestos en los que uno de los progenitores tenga\natribuida la guarda y custodia en exclusiva, se han de cumplir las\nresoluciones, efectu\u00e1ndose las entregas de los menores en las fechas fijadas\npara el intercambio. <\/p>\n\n\n\n<p>Se\nexcept\u00faan: <\/p>\n\n\n\n<p>1.- Aquellos supuestos en que el menor padezca alguna patolog\u00eda que le haga especialmente vulnerable al COVID-19, en cuyo caso deber\u00e1 mantenerse con el progenitor custodio (en supuestos de custodia exclusiva) o por el progenitor que ostenta la guarda en este momento (en supuestos de custodia compartida). <\/p>\n\n\n\n<p>2.-\nAquellos casos cuyo cumplimiento y ejecuci\u00f3n implique el traslado del menor a\notra provincia si la distancia entre los domicilios de los progenitores hiciera\nciertamente desaconsejable el traslado del menor, o a zonas que pudieran llegar\na tener la consideraci\u00f3n de especiales focos de riesgo. 3.- Aquellos referidos\na menores en los que aparezca sintomatolog\u00eda que desaconseje salir del\ndomicilio habitual. <\/p>\n\n\n\n<p>El\ncambio se realizar\u00e1 en el domicilio del progenitor bajo cuya guarda se\nencuentren en ese momento, en la forma en que el menor resulte menos expuesto\nal COVID-19, y en todo caso se ha de velar porque el menor no tenga contacto\ncon terceras personas durante el traslado, y que no acceda a dependencias\ndiferentes del domicilio del progenitor, como podr\u00edan ser establecimientos\ncomerciales, domicilios de terceras personas, etc. Al objeto de minimizar el\nriesgo y cumplir con las medidas impuestas para que la poblaci\u00f3n est\u00e9 fuera de\nsus domicilios el menor tiempo posible, se suspenden por el momento, y hasta\nque se levante el estado de alarma, las visitas intersemanales sin pernocta,\ntanto en los supuestos de guarda y custodia compartida, como en el de guarda y\ncustodia atribuido a uno de los progenitores, ya que dada su brevedad supone\nuna exposici\u00f3n innecesaria del menor al riesgo de contagio que se pretende\nevitar. Se suspenden las visitas en los puntos de encuentro familiar por\nsuponer una excesiva exposici\u00f3n de los menores, sin perjuicio de los acuerdos a\nlos que puedan llegar los progenitores. En cualquier caso, apelamos, como\nsiempre, al sentido com\u00fan, a la buena fe y al inter\u00e9s superior de los menores,\nsiendo as\u00ed que, en este caso, est\u00e1 en juego, adem\u00e1s de su adecuado desarrollo,\nla salud y la vida de todos, por lo que se solicita a los progenitores que\nintenten llegar a acuerdos puntuales que faciliten la gesti\u00f3n diaria y que\nbeneficien al menor. <\/p>\n\n\n\n<p>Quinto.-\nEn los casos en que la entrega y recogida de los hijos deba realizarse en un\nPunto de Encuentro Familiar, y especialmente en aquellos supuestos en que\nexista una prohibici\u00f3n de aproximaci\u00f3n vigente, deber\u00e1 designarse por los\nprogenitores una tercera persona de confianza para la entrega y recogida del\nmenor se realice en la puerta del centro o en un lugar distinto y m\u00e1s pr\u00f3ximo a\nsus domicilios con la finalidad de limitar hasta donde sea posible la estancia\nde los menores en la v\u00eda p\u00fablica, siempre que se respeten las limitaciones que\nen su caso se hubieran acordado judicialmente. Si no hubiera acuerdo en\nrelaci\u00f3n a dichos extremos, deber\u00e1n suspenderse las visitas. <\/p>\n\n\n\n<p>Sexto.- Con la finalidad de fomentar el necesario y deseable contacto paterno-filial, el progenitor custodio deber\u00e1 facilitar, particularmente por medios telem\u00e1ticos (skype, facetime, o video llamada de whastApp) el contacto del\/los hijo\/os con el progenitor no custodio, siempre y cuando no se perturben las rutinas u horarios de descanso de los menores. <\/p>\n\n\n\n<p>Septimo.-\nPor regla general, no se considera motivo de procedimiento de medidas\ncautelares del art\u00edculo 158 del C\u00f3digo Civil las incidencias que puedan\nproducirse como consecuencia de los supuestos incumplimientos del r\u00e9gimen de\nvisitas y estancias de los menores. En consecuencia, los incumplimientos de los\nreg\u00edmenes de guarda, custodia y visitas de menores acordados judicialmente\ndurante el periodo de vigencia del estado de alarma, y en su caso de sus\nsucesivas pr\u00f3rrogas, podr\u00e1n dar lugar en su caso, al correspondiente\nprocedimiento de ejecuci\u00f3n, que conforme al propio R.D. que declara el estado\nde alarma no podr\u00e1n ser objeto de tramitaci\u00f3n hasta la terminaci\u00f3n del mismo y\nde sus pr\u00f3rrogas, salvo circunstancias excepcionales a valorar por Juez\/a de\nFamilias. <\/p>\n\n\n\n<p>Octavo.-\nEn todo caso, los acuerdos adoptados ser\u00e1n susceptibles de revisi\u00f3n en caso de\ncambio de la normativa vigente durante la situaci\u00f3n de alarma o de sus\nsucesivas pr\u00f3rrogas. <\/p>\n\n\n\n<p>En\nfecha <strong>31 de marzo de 2020, la Junta de Jueces de Santa Coloma de Farners<\/strong>,\nacord\u00f3: <\/p>\n\n\n\n<p>1.\nEl Juez\/a que preste el servicio de guardia durante los referidos per\u00edodos,\nadem\u00e1s de las actuaciones propias de dicho servicio (actuaciones con detenido y\notras que resulten inaplazables, como adopci\u00f3n de medidas cautelares urgentes,\nlevantamientos de cad\u00e1ver, entradas y registros, etc.) tambi\u00e9n atender\u00e1 todas\naquellas actuaciones urgentes e inaplazables que deban llevarse a cabo en el\nresto de juzgados de este partido judicial <\/p>\n\n\n\n<p>2. Las comparecencias de los detenidos en el servicio de guardia se realizar\u00e1n, preferentemente, mediante la utilizaci\u00f3n de la videoconferencia u otro canal de comunicaci\u00f3n an\u00e1logo (ad. ex. SISCO WEBEX sistema habilitado y facilitado por el Departament de Justicia) que evite la conducci\u00f3n f\u00edsica de la persona detenida ante el Juez y permita al mismo tiempo la intervenci\u00f3n virtual del Fiscal o del abogado que asiste al detenido en una conexi\u00f3n m\u00faltiple simult\u00e1nea, de todos ellos, siempre que se asegure que las comunicaciones se lleven a cabo en las condiciones y garant\u00edas que contempla el art. 229.3 de la LOPJ y resulten as\u00ed certificadas las asistencias respectivas tanto por el Letrado de la Administraci\u00f3n de Justicia como, en su caso, por el secretario de las diligencias policiales. En todo caso el Juez es el garante de que el detenido presentado de forma virtual se encuentre en condiciones \u00f3ptimas para ser escuchado en tal condici\u00f3n sin merma de ninguno de sus derechos constitucionales, en los t\u00e9rminos apuntalados por la Comisi\u00f3n de Seguimiento. <\/p>\n\n\n\n<p>3.\nLa declaraci\u00f3n del estado de alarma, conforme el indicado Real Decreto\n463\/2020, no elimina el derecho de visites y custodia derivado del correcto\nejercicio de la patria potestad, pues el articulo 7.1 e) del citado Decreto\npermite desplazamiento para la asistencia y cuidado de mayores, menores,\ndependientes, personas con discapacidad o personas especialmente vulnerables. <\/p>\n\n\n\n<p>Por\nello, lo indicado en los puntos primero y segundo no significa que, por virtud\ndel referido Real Decreto, queden eliminados las visites o est\u00e9n prohibidos los\nintercambios, pues en ocasiones pueden ser, incluso, necesarios o ineludibles,\npara conciliar la vida laboral, familiar y salud, pero los acuerdos de los\nprogenitores al respecto, siempre convenientes, deber\u00e1n reducir los\nintercambios al m\u00ednimo posible, con estancias semanales, quincenales o,\nincluso, mensuales seg\u00fan las circunstancias y necesidades de cada caso,\npudiendo servir de ejemplo lo acordado para per\u00edodos estivales, al tiempo que\npueden utilizar o aumentar, en su caso, las telecomunicaciones que permitan el\ncontacto con el progenitor que se encuentre en ese momento con los hijos e\nincluso compensar, una vez finalizada la presente situaci\u00f3n excepcional, los\nper\u00edodos que un progenitor no haya podido disfrutar. <\/p>\n\n\n\n<p>En\ncualquier caso, apelamos, como siempre, al sentido com\u00fan, la buena fe y al\ninter\u00e9s superior de los menores, siendo as\u00ed que en este caso, est\u00e1 en juego,\nadem\u00e1s de su adecuado desarrollo la salud y la vida de todos. <\/p>\n\n\n\n<p>En\nfecha <strong>24 de marzo de 2020, <\/strong>la <strong>Junta de Jueces de Sant Feliu de\nGu\u00edxols<\/strong>, acord\u00f3: <\/p>\n\n\n\n<p><strong>PRIMERO.- <\/strong>Por medio del Real Decreto 463\/2020, de 14 de marzo, por el que se declara el estado de alarma para la gesti\u00f3n de la situaci\u00f3n de crisis sanitaria ocasionada por el COVID-19, no se legitima el incumplimiento de las resoluciones judiciales. En este sentido, el art\u00edculo 7.1. e) del R.D. 463\/20 establece: \u201cDurante la vigencia del estado de alarma las personas \u00fanicamente podr\u00e1n circular por las v\u00edas de uso p\u00fablico para la realizaci\u00f3n de las siguientes actividades: (\u2026) Asistencia y cuidado a mayores, menores, dependientes, personas con discapacidad o personas especialmente vulnerables\u201d. En coherencia con aquel, el apartado 2 del referido art\u00edculo, autoriza igualmente, \u201c la circulaci\u00f3n de veh\u00edculos particulares para la realizaci\u00f3n de las actividades referidas en el apartado anterior\u201d. <strong> <\/strong><\/p>\n\n\n\n<p><strong>SEGUNDO.- <\/strong>Los\nprogenitores deber\u00e1n observar, en todo caso, las normas de la autoridades\ngubernativas y sanitarias a los efectos de evitar la propagaci\u00f3n del\ncoronavirus, procurando un ejercicio responsable de la potestad parental y\nalcanzando los mayores acuerdos posibles, teniendo siempre presente que nos\nencontramos ante una situaci\u00f3n excepcional. Se exhorta a los progenitores tanto\nen modalidades de guarda compartida como r\u00e9gimen de visitas a fin de que\nredoblen los esfuerzos, dadas las extraordinarias circunstancias, en orden a\nalcanzar acuerdos en beneficio de los menores que permitan reducir en lo\nposible el n\u00famero de desplazamientos de estos, sustituyendo, o disminuyendo en\nlo posible las visitas intersemanales, mediante su compensaci\u00f3n con tiempos de\nestancia continuados con los menores. <\/p>\n\n\n\n<p><strong>TERCERO.-\n<\/strong>En defecto de acuerdo entre los progenitores: <\/p>\n\n\n\n<p>1.\nEn los casos de custodia compartida, se deber\u00e1n efectuar los cambios en las\nfechas que correspondan, correspondiendo a los progenitores la adopci\u00f3n de las\nmedidas adecuadas para garantizar la menor exposici\u00f3n al exterior de sus hijos\ncon ocasi\u00f3n de dichos cambios. <\/p>\n\n\n\n<p>2.\nSe mantendr\u00e1n las visitas de fines de semana en los supuestos de custodia tanto\ncompartida como individual, y exista o no pernocta. <\/p>\n\n\n\n<p>3.\nLas visitas intersemanales con pernocta deber\u00e1n llevarse a cabo en sus propios\nt\u00e9rminos. <\/p>\n\n\n\n<p>4.\nEn caso de tener que efectuar las visitas tuteladas en los Puntos de Encuentro\nFamiliar, y si estos se encontraran cerrados, se entender\u00e1 causa de fuerza\nmayor que impedir\u00e1 su cumplimiento. <\/p>\n\n\n\n<p>5.\nSi alguno de los progenitores, hijos o personas que convivan en los respectivos\ndomicilios, presenta s\u00edntomas de contagio o ha resultado positivo en el test\ndel COVID-19, en inter\u00e9s de los hijos (art. 9.2 LOPJM) y para evitar su\npropagaci\u00f3n, la guarda y custodia la ostentar\u00e1 en todo caso el otro progenitor,\ndebi\u00e9ndose entenderse que concurre causa de fuerza mayor, que suspende\nprovisionalmente las medidas acordadas en el proceso en que se acordaron. <\/p>\n\n\n\n<p><strong>CUARTO.- <\/strong>A fin de conseguir el necesario y deseable contacto paterno-filial el progenitor custodio deber\u00e1 facilitar, particularmente por medios telem\u00e1ticos (skype, facetime, o video llamada de whastApp) el contacto del\/los hijo\/os con el progenitor no custodio, siempre y cuando no se perturben las rutinas u horarios de descanso de los menores. <strong> <\/strong><\/p>\n\n\n\n<p><strong>QUINTO.- <\/strong>Con car\u00e1cter\ngeneral, las dudas que pudieran suscitarse por la aplicaci\u00f3n del r\u00e9gimen de\nvisitas no amparar\u00eda la incoaci\u00f3n de un procedimiento del art\u00edculo 158 del C\u00f3digo\nCivil, al no ser \u00e9ste el cauce procesal adecuado para atender dicha finalidad.\nTodo ello sin perjuicio del derecho a la tutela judicial efectiva que asiste a\nlas partes y de la decisi\u00f3n que cada juez pueda adoptar en cada procedimiento\nen particular. <\/p>\n\n\n\n<p>Con\nrespecto a los procedimientos de ejecuci\u00f3n que, en su caso, se presentaren, se\nproceder\u00e1 al registro telem\u00e1tico de la demanda ejecutiva, siempre que se\npresente por la v\u00eda electr\u00f3nica de Ejcat, y dada la actual suspensi\u00f3n de los\nplazos procesales, se le dar\u00e1 el tr\u00e1mite ordinario, una vez alzada la\ndeclaraci\u00f3n del estado de alarma o, en su caso, su pr\u00f3rroga; salvo que la parte\nque presente la demanda o escrito manifieste de forma responsable la urgencia\ndel mismo y el riesgo para el menor. <\/p>\n\n\n\n<p><strong>SEXTO.-\n<\/strong>La copia de la resoluci\u00f3n correspondiente ser\u00e1\nt\u00edtulo suficiente para acreditar ante los Cuerpos y Fuerzas de Seguridad del\nEstado la necesidad del desplazamiento. <\/p>\n\n\n\n<p>En\nfecha <strong>20 de marzo de 2020<\/strong>, los <strong>Juzgados de Terrassa<\/strong>, adoptaron\nlos siguientes acuerdos: <\/p>\n\n\n\n<p>Primero.-\nQue los progenitores deber\u00e1n observar, en todo caso, las normas de la\nautoridades gubernativas y sanitarias a los efectos de evitar la propagaci\u00f3n\ndel coronavirus, procurando un ejercicio responsable de la potestad parental y\nalcanzando los mayores acuerdos posibles, teniendo siempre presente que nos\nencontramos ante una situaci\u00f3n excepcional y, por el momento, por un espacio de\ntiempo limitado de 15 d\u00edas naturales, esto es, hasta el pr\u00f3ximo 28 de marzo de\n2020. <\/p>\n\n\n\n<p>Segundo.- Que si alguno de los progenitores presenta s\u00edntomas de contagio o ha resultado positivo en el test del Covid-19, en inter\u00e9s de los hijos menores (art. 9.2 LOPJM) y para evitar su propagaci\u00f3n, es preferible que la guarda y custodia la ostente el otro progenitor, a fin de evitar su propagaci\u00f3n al menor cuya custodia tiene confiada, debi\u00e9ndose entenderse que, autom\u00e1ticamente concurre causa de fuerza mayor, que suspende provisionalmente, las medidas acordadas en el proceso en que se acordaron. <strong> <\/strong><\/p>\n\n\n\n<p>Tercero.- Fuera de los casos de s\u00edntomas de contagio o\nresultado positivo en el test del Covid-19, y en aras al m\u00e1s efectivo\ncumplimiento de los acuerdos de las autoridades sanitarias, que aconsejan\nreducir al m\u00e1ximo la movilidad de las personas, y salvo supuestos excepcionales\njustificados documentalmente, el sistema de responsabilidad parental deber\u00e1 ser\nejercido por el progenitor custodio (en supuestos de custodia exclusiva) o por\nel progenitor que ostenta la guarda en este momento (en supuestos de custodia\ncompartida). <\/p>\n\n\n\n<p>Cuarto.-\nA fin de conseguir el necesario y deseable contacto paterno-filial el\nprogenitor custodio deber\u00e1 facilitar, particularmente por medios telem\u00e1ticos\n(skype, facetime, o video llamada dewhastApp) el contacto del\/los hijo\/os con\nel progenitor no custodio, siempre y cuando no se perturben las rutinas u\nhorarios de descanso de los menores. <\/p>\n\n\n\n<p>Quinto.-\nCon respecto a los procedimientos de ejecuci\u00f3n que, en su caso, se presentaren,\nse proceder\u00e1 al registro telem\u00e1tico de la demanda ejecutiva, siempre que se\npresente por v\u00eda lexnet,y dada la actual suspensi\u00f3n de los plazos procesales,\nse le dar\u00e1 el tr\u00e1mite ordinario, una vez alzada la declaraci\u00f3n del estado de\nalarma o, en su caso, su pr\u00f3rroga. <\/p>\n\n\n\n<p>Sexto.-\nDada la imprevisible duraci\u00f3n de la pandemia del Covid-19, e ignor\u00e1ndose si el\nestado de alarma se prolongar\u00e1 en el tiempo, la eficacia de los presentes\nacuerdos se circunscribe al per\u00edodo temporal comprendido entre el 15 de marzo\nde 2020 y el 28 de marzo de 2020, salvo que circunstancias sobrevenidas o, en\nsu caso, resoluciones posteriores del Consejo General del Poder Judicial,\naconsejen una revisi\u00f3n anterior, y sin perjuicio de su pr\u00f3rroga de mantenerse\nlas actuales circunstancias. <\/p>\n\n\n\n<p>El <strong>13 de marzo de 2020<\/strong>, la <strong>Junta de Jueces de Valls<\/strong>, acord\u00f3 medidas de protocolo de protecci\u00f3n en los juzgados, indicando que actuaciones jurisdiccionales no quedaban suspensas sin hacer menci\u00f3n expresa a ning\u00fan acuerdo o consideraci\u00f3n respecto de los procedimientos de familia a excepci\u00f3n, de acordar que no quedaban suspendidas las medidas urgentes de protecci\u00f3n de menores y medidas sobre incapacidades. <strong> <\/strong><\/p>\n\n\n\n<p>El <strong>19 de marzo de 2020, <\/strong>la <strong>Junta de Jueces de\nVilanova i la Geltr\u00fa, <\/strong>suscribi\u00f3 los siguientes acuerdos y consideraciones\npor el per\u00edodo desde el pasado con una el pasado 15 de marzo de 2020 hasta el\npr\u00f3ximo 28 de marzo de 2020<strong>: <\/strong><\/p>\n\n\n\n<p><strong>Primero.-\n<\/strong>El RD 463\/2020, de 14 de marzo, de declaraci\u00f3n\ndel estado de alarma no legitima el incumplimiento de resoluciones judiciales. <\/p>\n\n\n\n<p><strong>Segundo.-\n<\/strong>Los progenitores deber\u00e1n observar, en todo caso,\nlas normas de la autoridades gubernativas y sanitarias a los efectos de evitar\nla propagaci\u00f3n del coronavirus, procurando un ejercicio responsable de la\npotestad parental y alcanzando los mayores acuerdos posibles, teniendo presente\nla situaci\u00f3n excepcional en la que nos encontramos y que las visitas con el\nprogenitor no custodio no solo son un deber de \u00e9ste sino un derecho del menor,\ndel que no debe ser privado unilateralmente por el otro progenitor. <\/p>\n\n\n\n<p><strong>Tercero.-\n<\/strong>En consecuencia, si alguno de los progenitores\npresenta s\u00edntomas de contagio o ha resultado positivo en el test del Covid-19,\nen inter\u00e9s de los hijos menores (art. 9.2 LOPJM) y para evitar su propagaci\u00f3n,\nes preferible que la guarda y custodia la ostente el otro progenitor, a fin de\nevitar su propagaci\u00f3n al menor cuya custodia tiene confiada, debi\u00e9ndose\nentender que, autom\u00e1ticamente concurre causa de fuerza mayor, que suspende\nprovisionalmente, las medidas acordadas en el proceso en que se acordaron. <\/p>\n\n\n\n<p><strong>Cuarto.-\n<\/strong>Fuera de los casos de s\u00edntomas de contagio o\nresultado positivo en el test del Covid-19, se mantienen los mismos periodos de\nestancia de los hijos con cada uno de ellos por cuanto el Real Decreto\n463\/2020, de 14 de marzo expresamente indica que \u201c<em>Durante la vigencia del\nestado de alarma las personas \u00fanicamente podr\u00e1n circular por las v\u00edas de uso\np\u00fablico para la realizaci\u00f3n de las siguientes actividades: e) Asistencia y\ncuidado a mayores, menores<\/em>\u201d, por lo que se est\u00e1 contemplando la necesidad\nde un progenitor de tener que \u201ccircular\u201d por la v\u00eda p\u00fablica para recoger a un\nmenor y entregarlo despu\u00e9s de terminar el periodo de estancia con \u00e9l. <\/p>\n\n\n\n<p><strong>Quinto<\/strong>.- Al haberse suspendido las clases en los colegios, si el\nlugar de intercambio era el centro escolar (bien el viernes o el lunes, a la\nsalida), habr\u00e1 que efectuar la entrega en el domicilio del progenitor con el\nque inicia el periodo de estancia. En casos de visitas reguladas a trav\u00e9s de\npunt de trobada o cuando exista una orden de alejamiento de un progenitor\nrespecto del otro, se entender\u00e1n suspendidas dichas visitas. <\/p>\n\n\n\n<p>Se recomienda a los progenitores que lleven la sentencia judicial o el convenio regulador para exhibirlo a la polic\u00eda a fin de acreditar la necesidad del desplazamiento para ocuparse de los hijos en el turno establecido. <strong> <\/strong><\/p>\n\n\n\n<p><strong>Sexto.- <\/strong>En los supuestos\nen que se interrumpan las visitas con uno de los progenitores atendiendo a\ncircunstancias especiales (que uno de los progenitores trabaje en un centro hospitalario\ny por las exigencias actuales ha ampliado la jornada laboral; o cree que est\u00e1\nen un alto riesgo de contagio, o convive con personas mayores especialmente\nvulnerables a la exposici\u00f3n del virus, etc). A fin de conseguir el necesario y\ndeseable contacto paterno-filial el progenitor custodio deber\u00e1 facilitar,\nparticularmente por medios telem\u00e1ticos (skype, facetime, o video llamada de\nwhastApp) el contacto del\/los hijo\/os con el progenitor no custodio, siempre y\ncuando no se perturben las rutinas u horarios de descanso de los menores. <\/p>\n\n\n\n<p><strong>S\u00e9ptimo.-\n<\/strong>Se recuerda a quienes acudan al Juzgado de\nGuardia a denunciar incumplimientos de r\u00e9gimen de visitas que dichas denuncias\nser\u00e1n archivadas autom\u00e1ticamente por cuanto se despenaliz\u00f3 dicha falta. Con\nrespecto a los procedimientos de ejecuci\u00f3n que, en su caso, se presentaren, se\nproceder\u00e1 al registro telem\u00e1tico de la demanda ejecutiva, siempre que se\npresente por v\u00eda lexnet, y dada la actual suspensi\u00f3n de los plazos procesales,\nse le dar\u00e1 el tr\u00e1mite ordinario, una vez alzada la declaraci\u00f3n del estado de\nalarma o, en su caso, su pr\u00f3rroga. <\/p>\n\n\n\n<p><strong>Octavo.-\n<\/strong>Dada la imprevisible duraci\u00f3n de la pandemina del\nCovid-19, e ignor\u00e1ndose si el estado de alarma se prolongar\u00e1 en el tiempo, la\neficacia de los presentes acuerdos se circunscribe al per\u00edodo temporal\ncomprendido entre el 15 de marzo de 2020 y el 28 de marzo de 2020, salvo que\ncircunstancias sobrevenidas o, en su caso, resoluciones posteriores del Consejo\nGeneral del Poder Judicial, aconsejen una revisi\u00f3n anterior, y sin perjuicio de\nsu pr\u00f3rroga de mantenerse las actuales circunstancias. <\/p>\n\n\n\n<p><strong>En\nconsecuencia se hace saber a los ciudadanos que acudan al Juzgado de Guardia: <\/strong><\/p>\n\n\n\n<p><strong>1. La situaci\u00f3n existente NO AMPARA el incumplimiento del r\u00e9gimen de visitas salvo situaciones excepcionales (posible contagio, prestaci\u00f3n de servicios esenciales por el progenitor o visitas a trav\u00e9s de punto de encuentro o con orden de alejamiento si no hay persona interpuesta que pueda llevar a cabo la entrega y recogida), debiendo llevarse a cabo las entregas y recogidas de los menores en el domicilio del progenitor que los tenga consigo guardando en todo caso las medidas de seguridad y protecci\u00f3n establecidas para todo desplazamiento. Se aconseja llevar consigo la resoluci\u00f3n judicial o convenio que recoja los intercambios a fin de exhibirlo a la polic\u00eda actuante para justificar el desplazamiento en caso de ser requerido.  <\/strong><\/p>\n\n\n\n<p>2. <strong>Las denuncias por incumplimiento del r\u00e9gimen de visitas\nse archivar\u00e1n autom\u00e1ticamente. Respecto de las dem\u00e1s se aconseja enviarlas al\nJuzgado por email: <\/strong><\/p>\n\n\n\n<p>Del\n17 al 23 de marzo de 2020 mixt5.vilanovailageltru@xij.gencat.cat <\/p>\n\n\n\n<p>Del\n24 al 30 de marzo de 2020 mix6.vilanovailageltru@xij.gencat.cat <\/p>\n\n\n\n<p>En\ncaso de prorrogarse el estado de alarma: <\/p>\n\n\n\n<p>Del\n31 de marzo al 6 de abril mix7.vilanovailageltru@xij.gencat.cat <\/p>\n\n\n\n<p>Del\n7 de abril al 13 de abril mixt8.vilanovailageltru@xij.gencat.cat <\/p>\n\n\n\n<p>Las\npersonas que denuncien a trav\u00e9s de mail recibir\u00e1n una copia escaneada y sellada\nde la car\u00e1tula de su denuncia que dar\u00e1 constancia de su presentaci\u00f3n telem\u00e1tica.\n<\/p>\n\n\n\n<p><strong>DEPARTAMENT\nDE JUSTICIA DE LA GENERALITAT DE CATALUNYA. <\/strong><\/p>\n\n\n\n<p>(Publicaci\u00f3\n26.3.2020) http:\/\/justicia.gencat.cat\/ca\/coronavirus\/pmf\/administraciojusticia\/\n<\/p>\n\n\n\n<p>La\ndeclaraci\u00f3 de l\u2019estat d\u2019alarma ha comportat restriccions importants a la\nllibertat de moviments aix\u00ed com a l\u2019activitat ordin\u00e0ria de l\u2019Administraci\u00f3 de\nJust\u00edcia i de les nostres institucions en general. Aquesta situaci\u00f3 genera\nconflictes importants en relaci\u00f3 amb la guarda dels infants menors d\u2019edat,\nq\u00fcesti\u00f3 que ha estat objecte de pronunciaments judicials diversos, no sempre\ncoincidents ni estables, atesa l\u2019evoluci\u00f3 de les circumst\u00e0ncies. <\/p>\n\n\n\n<p>Els\npronunciaments judicials posen l\u2019\u00e8mfasi en l\u2019inter\u00e8s superior dels menors, en\nla responsabilitat dels progenitors i en la salut de tothom. Tamb\u00e9 remarquen la\nconveni\u00e8ncia i fins i tot la necessitat que els progenitors cerquin el consens\ni arribin als acords necessaris per al benestar dels seus fills i filles. <\/p>\n\n\n\n<p>Davant d\u2019aquesta situaci\u00f3, el Centre de Mediaci\u00f3 considera d\u2019inter\u00e8s difondre les recomanacions elaborades per Montserrat Tur, advocada, coach i mediadora familiar, i Elena Lauroba, professora titular de Dret civil (UB), per ajudar les mares i els pares a gestionar la guarda en aquests temps excepcionals. <strong> <\/strong><\/p>\n\n\n\n<p>Els mediadors i mediadores del Centre de Mediaci\u00f3 de Dret\nPrivat de Catalunya estan a la vostra disposici\u00f3 per ajudar-vos a arribar als\nacords que la situaci\u00f3 excepcional demana. Hi podeu contactar a trav\u00e9s\nd\u2019aquesta adre\u00e7a: centremediaci\u00f3.dj@gencat.cat. <\/p>\n\n\n\n<p><strong>Recomanacions\na pares i mares per a l\u2019exercici de la guarda en temps d\u2019estat d\u2019alarma pel\nCOVID-19 <\/strong><\/p>\n\n\n\n<p>El\nprincipi que guia l\u2019atenci\u00f3 que doneu als vostres fills i filles \u00e9s el seu\ninter\u00e8s, que preval respecte de qualsevol altre. Ara, en aquest estat excepcional\nd\u2019alarma en qu\u00e8 ens trobem, cal saber conjugar aquest inter\u00e8s prioritari amb el\nrepte fonamental de protecci\u00f3 de la seva salut f\u00edsica i emocional, per\u00f2 tamb\u00e9\nde la salut del seu entorn i la de tota la comunitat. <\/p>\n\n\n\n<p>Certament,\nles resolucions judicials estableixen una ordenaci\u00f3 de la guarda que s\u2019adequa a\ncada sup\u00f2sit concret. \u00c9s bo intentar atenir-se al que estableixen, per\u00f2 s\u2019han\nde tenir en consideraci\u00f3 les noves circumst\u00e0ncies. Per aix\u00f2, heu de poder ser\ncapa\u00e7os de flexibilitzar el r\u00e8gim o de reordenar-lo, si concorren determinades\ncircumst\u00e0ncies. <\/p>\n\n\n\n<p><strong>Com\nfer-ho possible? <\/strong><\/p>\n\n\n\n<p>\u2794 Som en un escenari inesperat\ni extraordinari: el recurs judicial no ser\u00e0 en les circumst\u00e0ncies actuals una\nvia que ofereixi la resposta adient; per aix\u00f2 s\u2019imposa que vosaltres arribeu a\ndissenyar als acords necessaris, i que ho feu des del seny, amb creativitat,\ngenerositat cap als vostres fills i filles, paci\u00e8ncia i bona voluntat. Heu de\npoder construir conjuntament la millor resposta per als vostres fills i filles\ndurant les properes setmanes. \u00c9s important recordar que, en aquests moments,\nteniu un objectiu conjunt, un objectiu que compartiu: seguir amb l\u2019educaci\u00f3 i\nla crian\u00e7a d\u2019uns fills i d\u2019unes filles que tamb\u00e9 viuen una situaci\u00f3\nextraordin\u00e0ria, sense els h\u00e0bits de les escoles i sense el seu entorn social.\nPer poder-ho fer, <strong>heu de ser conscients que els acords s\u00f3n ara el millor\ninstrument per assegurar el benestar dels vostres fills i filles. <\/strong><\/p>\n\n\n\n<p>\u2794 Si hi ha una resoluci\u00f3\njudicial que regula com s\u2019ha de compartir el temps dels fills i filles entre\nvosaltres, i el seu compliment no posa en risc la salut de ning\u00fa ni contradiu\ncap de les ordres que s\u2019han establert per l\u2019estat d\u2019alarma, <strong>respecteu el que\ndisposa la vostra resoluci\u00f3 judicial. <\/strong><\/p>\n\n\n\n<p>\u2794 En cas que no sigui possible\ncomplir amb la resoluci\u00f3 judicial: <\/p>\n\n\n\n<p>\uf0b7 La comprensi\u00f3 de la\nsituaci\u00f3, personal, laboral i econ\u00f2mica de l\u2019altre progenitor \u00e9s molt\nimportant, i us ajudar\u00e0 a l\u2019hora de dissenyar els acords i a l\u2019hora de\nportar-los a terme. <\/p>\n\n\n\n<p>\uf0b7 Aquesta situaci\u00f3 no ha de durar per sempre; per tant, si pels motius que sigui un de vosaltres es queda amb els fills o filles durant tot el per\u00edode de confinament, tingueu la creativitat de trobar propostes realistes per compensar, despr\u00e9s, aquest temps o part d\u2019aquest temps. <\/p>\n\n\n\n<p>\uf0b7\nTingueu generositat entre vosaltres: amb el progenitor que no pot estar amb els\nfills i filles. Assegureu-vos que es pugui relacionar amb ells cada dia via\nskype, whatsapp&#8230; Faciliteu la relaci\u00f3 i feu-la f\u00e0cil i flu\u00efda. I amb el\nprogenitor que s\u2019ha de fer c\u00e0rrec de totes les despeses, educaci\u00f3 i l\u00edmits en\nla crian\u00e7a, acompanyar-lo i ajudar-lo en la gesti\u00f3 tamb\u00e9 es important. <\/p>\n\n\n\n<p>\uf0b7\nAjudeu els vostres fills i filles a entendre el perqu\u00e8 de la situaci\u00f3, tenint\nen compte la seva edat i la seva capacitat de comprensi\u00f3. Feu que no ho visquin\ncom un abandonament; no mentiu i mostreu-vos en la confian\u00e7a que la situaci\u00f3\nmillorar\u00e0 d\u2019aqu\u00ed a unes setmanes. <\/p>\n\n\n\n<p>\uf0b7\nLes relacions entre vosaltres, en aquests moments, han de fonamentar- se m\u00e9s\nque mai en l\u2019honestedat i la transpar\u00e8ncia. Qualsevol situaci\u00f3 de l\u2019entorn que\npugui afectar qualsevol membre de la fam\u00edlia, sigui la pr\u00f2pia o la de l\u2019altre\/a\nprogenitor, ha de ser compartida entre vosaltres. <\/p>\n\n\n\n<p>\u2794 Quan per als dos progenitors\no progenitores sigui molt dif\u00edcil tenir els fills o filles en la seva guarda,\nja sigui perqu\u00e8 han de treballar fora del domicili, o perqu\u00e8 estan confinats\nper possible contagi, o perqu\u00e8 estan malalts, mireu de trobar solucions\ncompartides a la situaci\u00f3. Per exemple, en cas que h\u00e0giu de seguir treballant,\npodeu compartir el temps dels fills i filles segons el que s\u2019ha establert a la\nsent\u00e8ncia judicial, o b\u00e9 compartiu el recurs i la despesa que la guarda per\npart d\u2019una tercera persona us pugui comportar. <\/p>\n\n\n\n<p>\u2794 Un cop s\u2019acabi aquest\nper\u00edode, les decisions que h\u00e0giu pres formaran part de la hist\u00f2ria personal\ndels vostres fills i filles, i no tindria sentit, i ning\u00fa no h o entendria, que\nhagu\u00e9ssiu actuat en benefici propi. <\/p>\n\n\n\n<p>Si malgrat tot no aconseguiu\nposar-vos d\u2019acord o si el di\u00e0leg \u00e9s dif\u00edcil, recordeu que hi ha persones\nexpertes en la gesti\u00f3 de conflictes que us poden acompanyar perqu\u00e8 sigueu\ncapa\u00e7os per vosaltres mateixos d\u2019obtenir respostes consensuades. Els mediadors\ni mediadores del Centre de Mediaci\u00f3 de Dret Privat estan a la vostra disposici\u00f3\nper ajudar-vos a arribar als acords que la situaci\u00f3 excepcional demana. <\/p>\n\n\n\n<p>Montserrat Tur, advocada,\ncoach i mediadora familiar. <\/p>\n\n\n\n<p>Elena Lauroba, professora titular de Dret Civil de la UB. <strong> <\/strong><\/p>\n\n\n\n<p><strong>SEU JUDICIAL ELECTR\u00d2NICA <\/strong><\/p>\n\n\n\n<p><strong>(https:\/\/seujudicial.gencat.cat\/ca\/actualitat\/detalls\/orientacions-eataf)\n<\/strong>(Publicaci\u00f3 31.3.2020) <\/p>\n\n\n\n<p>L&#8217;Equip\nd&#8217;Assessorament T\u00e8cnic Civil en l&#8217;\u00c0mbit de Fam\u00edlia (EATAF) del Departament de\nJust\u00edcia, juntament amb el Col\u00b7legi Oficial de Psicologia de Catalunya, el\nCol\u00b7legi Oficial de Treball Social de Catalunya, i el Col\u00b7legi d\u2019Educadores i\nEducadors Socials de Catalunya, amb la voluntat de donar suport a les fam\u00edlies\nquant a les transicions dels fills entre les llars, han arribat a un consens en\nclau psicosocial en l\u2019\u00e0mbit p\u00fablic i privat, i han elaborat un document per\najudar-les a valorar el risc impl\u00edcit en aquestes transicions atesa la situaci\u00f3\nactual. <\/p>\n\n\n\n<p>Aquestes\norientacions complementen els acords dels jutges de fam\u00edlia, que n\u2019estan\nassabentats i valoren positivament la iniciativa. <\/p>\n\n\n\n<p>En\naquest sentit, s\u2019ha creat un comit\u00e8 interdisciplinari de crisi, integrat per\nprofessionals de la judicatura, la Fiscalia, lletrats de l\u2019Administraci\u00f3 de\njust\u00edcia, l\u2019advocacia i l\u2019EATAF, amb la finalitat d\u2019intercanviar informaci\u00f3 i\ncercar criteris d\u2019actuaci\u00f3 i decisi\u00f3. <\/p>\n\n\n\n<p>Seguidament,\nes publiquen les orientacions expossades al comit\u00e9 interdisciplinari. Si es vol\nconsultar el document complert (marc actual), podeu acudir a l\u2019adre\u00e7a expossada\nal inici. <\/p>\n\n\n\n<p><strong>Orientacions\npsicosocials en l\u2019\u00e0mbit de les fam\u00edlies. <\/strong><\/p>\n\n\n\n<p>Els\nprofessionals de l\u2019\u00e0mbit psicosocial, sabedors que ens trobem en una societat\nde codi m\u00faltiple, pluri i multicultural, amb diversitat de valors coexistents i\nd\u2019identitats morals que influeixen en un escenari com l\u2019actual, voldr\u00edem\nprestar ajuda a les fam\u00edlies oferint-los algunes orientacions que puguin\nconsiderar a l\u2019hora de valorar el risc associat a les transicions dels fills i\nles filles entre llars. <\/p>\n\n\n\n<p>L\u2019excepcionalitat\nde la situaci\u00f3 que estem vivint requereix d\u2019un abordatge i una consideraci\u00f3\ntamb\u00e9 en aquests mateixos termes i, per tant, d\u2019un esfor\u00e7 de tothom per poder\nfer una gesti\u00f3 ajustada i acurada a les necessitats dels infants i els\nadolescents en aquests moments. Aix\u00ed, pensem que aquestes recomanacions poden\najudar les fam\u00edlies a definir les l\u00ednies a seguir en relaci\u00f3 a les transicions\ndels fills, per tal d\u2019establir l\u2019opci\u00f3 que m\u00e9s els respecti i prioritzi,\nd\u2019acord amb l\u2019inter\u00e8s superior de l\u2019infant i, per tant, avantposant els drets\nd\u2019aquests als drets dels adults i considerant-los a l\u2019hora de prendre decisions\nque els afectin. P\u00e1gina <strong>33 <\/strong>de <strong>39 <\/strong><\/p>\n\n\n\n<p><strong>2.1 Principals situacions de risc <\/strong><\/p>\n\n\n\n<p>\uf0b7\n<strong>Cuidadors que han donat positiu al virus<\/strong>. S\u00f3n la principal situaci\u00f3 de\nrisc, cap ala resta de la fam\u00edlia i especialment cap als NNA. Caldr\u00e0 tenir\npresent la necessitatd\u2019a\u00efllament i les dificultats i\/o inviabilitat per oferir\ncures adequades als fills\/es. <\/p>\n\n\n\n<p>\uf0b7\n<strong>Fills\/es que han donat positiu al virus. <\/strong>En el sup\u00f2sit de s\u00edmptomes de\nmalestarf\u00edsic o sospites d\u2019haver contret la malaltia per part dels fills\/es,\nels progenitors icuidadors tenen l\u2019obligaci\u00f3 de vetllar i atendre les\nindicacions sanit\u00e0ries quant a lacura de la seva salut i recuperaci\u00f3 i, en el\nseu cas, les visites m\u00e8diques o ingr\u00e9shospitalari. Cal recordar la import\u00e0ncia\nde mantenir informat l\u2019altre progenitor, ja queaquesta \u00e9s una q\u00fcesti\u00f3 cabdal i\nsignificativa. <\/p>\n\n\n\n<p>\uf0b7\n<strong>Situacions d\u2019impossibilitat de confinament<\/strong>. Caldr\u00e0 tenir en compte\naquellessituacions en qu\u00e8 el cuidadors no tenen la possibilitat de mantenir el\nconfinamentdomiciliari (per exemple, per causes laborals), la qual cosa\naugmenta el risc versels fills\/es. <\/p>\n\n\n\n<p>\uf0b7\n<strong>Conviv\u00e8ncia amb persones majors de 65 anys<\/strong>. Caldr\u00e0 considerar el risc\nenaquelles nuclis familiars en els que es conviu i\/o es t\u00e9 cura de persones\nmajors de 65 anys, considerades poblaci\u00f3 especialment vulnerable. <\/p>\n\n\n\n<p>\uf0b7\n<strong>Espais adequats per a desenvolupar els r\u00e8gims de comunicaci\u00f3 i estan\u00e7a<\/strong>.Caldr\u00e0\nvetllar, de forma espec\u00edfica, en aquells sup\u00f2sits en qu\u00e8 no hi ha\npossibilitatd\u2019acollida dels fills en un habitatge preparat (la via p\u00fablica ha\nquedat vetada pel contacte interpersonal). <\/p>\n\n\n\n<p>\uf0b7\n<strong>Transicions dels fills\/es, transports i dist\u00e0ncies. <\/strong>En el cas de\nproduir-se transicions dels fills\/es, aquestes s\u2019han de realitzar garantint la\nmajor seguretat pera aquests\/es. Cal ser conscients que els trasllats de llarga\ndist\u00e0ncia, en transportp\u00fablic o a peu, poden resultar un risc per als NNA. Cal,\ndoncs, pensar en el nombrede transicions previstes, les dist\u00e0ncies i el tipus\nde transport a utilitzar a l\u2019hora deprendre decisions. <\/p>\n\n\n\n<p><strong>2.2\nOrientacions generals <\/strong><\/p>\n\n\n\n<p><strong>2.2.1. Davant l\u2019impacte emocional <\/strong><\/p>\n\n\n\n<p>\u2022 <strong>En els infants<\/strong>. Atesa la situaci\u00f3 extraordin\u00e0ria que estem vivint i el gran impacteemocional que t\u00e9 en tothom, inclosos els infants, seria necessari que elsprogenitors puguin oferir als fills\/filles orientacions que els ajudin a entendre lasituaci\u00f3 actual; que els aportin elements que els faciliti entendre els canvis ques\u2019estan donant en la seva quotidianitat, i les possibles alteracions dels espais derelaci\u00f3 i din\u00e0miques familiars habituals que es derivin de la situaci\u00f3. <\/p>\n\n\n\n<p><strong>Com\npodem ajudar als NNA? <\/strong>(* NNA: nens,\nnenes i adolescents) <\/p>\n\n\n\n<p>&#8211;\nCal una informaci\u00f3 clara, senzilla i concreta, ajustada a cada etapa evolutiva\ni preservadora. <\/p>\n\n\n\n<p>-Una\ninformaci\u00f3 lliure de missatges negatius i que transmeti seguretat,\ntranquil\u00b7litat i reversibilitat, tot amb l\u2019objectiu de reduir el malestar i el\npossible impacte negatiu que pot tenir en ells. <\/p>\n\n\n\n<p>&#8211;\nUna informaci\u00f3 compartida: \u00e9s important donar un missatge com\u00fa, perqu\u00e8 aix\u00f2\nevita confusions i malestars i d\u00f3na confian\u00e7a i seguretat. Si un dels\nprogenitors no pot establir contacte amb els fills\/es, cal que s\u2019expliqui el\nmotiu de forma aclaridora, oferint missatges de confort i establint altres\nformes de comunicar-se. <\/p>\n\n\n\n<p>-En\nel cas d\u2019infants amb maduresa suficient i adolescents, cal recavar tamb\u00e9 la\nseva opini\u00f3 i considerar-la. <\/p>\n\n\n\n<p>\u2022\n<strong>En els progenitors. <\/strong>El moment d\u2019incertesa i complexitat que estem vivint\npot durals adults referents a desplegar estrat\u00e8gies poc adaptatives en aquests\nmoments i aprendre decisions (per por, inseguretat, necessitat de sentir-se a\nprop, etc.) pocajustades a l\u2019inter\u00e8s i la protecci\u00f3 dels NNA. Especialment,\nquan es troben enmigd\u2019un proc\u00e9s de ruptura o de relaci\u00f3 conflictiu. <\/p>\n\n\n\n<p><strong>Cal\nconsiderar, doncs: <\/strong><\/p>\n\n\n\n<p>En el cas dels <strong>progenitors sense la tinen\u00e7a dels fills\/es<\/strong><em>, <\/em>s\u00f3n naturals i leg\u00edtims certs sentiments d\u2019angoixa i\/o incertesa en situacions de limitaci\u00f3 del contacte amb els fills\/es, o sentiments de neguit, preocupaci\u00f3 pel benestar d\u2019aquests o, fins i tot, malestar i enuig per la limitaci\u00f3 dels contactes. <strong> <\/strong><\/p>\n\n\n\n<p>En el cas dels <strong>progenitors amb la tinen\u00e7a dels fills\/es<\/strong>,\nen aquest moment poden apar\u00e8ixer sentiments de tensi\u00f3, sobrec\u00e0rrega,\npreocupaci\u00f3 i\/o malestar pel fet d\u2019afrontar en solitari la cura dels fills\/es\nsense cap relleu presencial de suport. Cal tenir en compte l\u2019estr\u00e8s del\ncuidador primari, at\u00e8s que no coneixem, ara per ara, el temps que aquesta\nsituaci\u00f3 trigar\u00e0 en resoldre\u2019s. <\/p>\n\n\n\n<p><strong>Qu\u00e8\nens pot ajudar? <\/strong><\/p>\n\n\n\n<p>-Caldr\u00e0\nposar en valor la coresponsabilitat i la comprensi\u00f3 dels adults en moments\ndif\u00edcils i complexos per a tota la ciutadania. Per aix\u00f2 \u00e9s imprescindible\nrecon\u00e8ixer i validar viv\u00e8ncies i sentiments de totes les persones implicades. <\/p>\n\n\n\n<p>-Accions\ncom facilitar la comunicaci\u00f3, oferir ajuda, informar sobre l\u2019estat dels fills,\ni arribar a acords i consensos nom\u00e9s poden ser afavoridors pel benestar dels\nfills\/es i alleugeridors pels progenitors que no els tenen a prop. <\/p>\n\n\n\n<p>-Intentar\nestablir acords \u00e9s m\u00e9s rellevant que mai especialment perqu\u00e8, amb aix\u00f2, es d\u00f3na\nun missatge als fills que no afegeix nous focus ansi\u00f2gens ja presents per l\u2019escenari\nd\u2019incertesa que experimenten, i perqu\u00e8 els mostrem que els adults sabem\nflexibilitzar criteris quan \u00e9s necessari, oferint models adequats. <\/p>\n\n\n\n<p>-Davant\ndels fills, uns pares que es respecten i es reforcen l\u2019autoritat parental s\u00f3n\nun model segur i positiu, que millora la seguretat dels vincles paternofilials.\n<\/p>\n\n\n\n<p>-Si\nestablir acords es fa complex, orientem a cercar vies de consens i ajuda dels\nprofessionals especialitzats en mediaci\u00f3, relacions familiars i\/o advocacia. <\/p>\n\n\n\n<p><strong>Com\ndemanar ajut? <\/strong><\/p>\n\n\n\n<p>-Si\nel que busques \u00e9s ajuda especialitzada, recorda que tens a disposici\u00f3 molts\nprofessionals de l\u2019\u00e0mbit p\u00fablic i privat que poden assessorar-te. Actualment,\ndiversos professionals i serveis ofereixen atenci\u00f3 per videoconfer\u00e8ncia o de\nforma telem\u00e0tica. -Recorda que si est\u00e0s fent seguiment en algun servei\nespec\u00edfic, sempre pots consultar al teu professional de refer\u00e8ncia\n(psic\u00f2leg\/oga, treballador\/a social, educador\/a social, etc.). <\/p>\n\n\n\n<p>-Et pots adre\u00e7ar al Centre de Mediaci\u00f3 de Catalunya: centremediacio.dj@gencat.cat <strong> <\/strong><\/p>\n\n\n\n<p><strong>2.2.2. Durant la comunicaci\u00f3 entre els infants i els adults <\/strong><\/p>\n\n\n\n<p>Altrament,\n\u00e9s important garantir un contacte regular dels NNA amb l&#8217;altra figura parental,\nestar presents i poder comunicar-se d\u2019una forma adequada, f\u00e0cil i interactiva\namb els fills\/es. Aquesta situaci\u00f3 excepcional pot generar sentiments\nd\u2019incertesa, temor o ansietat als NNA i tenir aquest contacte pot dissipar\npreocupacions sobre el benestar de l&#8217;altre membre familiar o de la fam\u00edlia\nextensa. <\/p>\n\n\n\n<p><strong>Qu\u00e8\nens pot ajudar a comunicar-nos millor? <\/strong><\/p>\n\n\n\n<p>-Les\nrutines en les comunicacions s\u00f3n importants. \u00c9s bo fer-les sempre en un mateix\nhorari i amb una assidu\u00eftat coherent amb l\u2019edat i les necessitats dels NNA. <\/p>\n\n\n\n<p>&#8211;\nPer establir la freq\u00fc\u00e8ncia, caldr\u00e0 tenir en compte les necessitats pr\u00f2pies de\nl\u2019infant, la seva edat i el context espec\u00edfic. Com a l\u00ednia general, la petita\ninf\u00e0ncia requereix de m\u00e9s assidu\u00eftat en el contacte i un establiment de les\ncomunicacions de m\u00e9s curta durada, mentre que els adolescents o joves poden\nestablir contacte m\u00e9s espaiats i de certa durada. <\/p>\n\n\n\n<p>&#8211;\nSempre que sigui possible, \u00e9s positiu que part de les comunicacions puguin\nfer-se per videotrucada, en funci\u00f3 de l\u2019edat i el moment evolutiu de NNA, per\npoder mantenir contacte visual entre progenitors i fills\/es. A m\u00e9s a m\u00e9s,\naltres elements importants en la comunicaci\u00f3 s\u00f3n la veu, el gest, la pros\u00f2dia,\netc. Tot hi juga un paper important. Per aix\u00f2, aquests dies, les persones estem\nmantenint molts contactes interpersonals per videoconfer\u00e8ncia, perqu\u00e8 aix\u00ed ens\nsentim m\u00e9s a prop. <\/p>\n\n\n\n<p>&#8211;\nLes comunicacions amb fam\u00edlia extensa tamb\u00e9 han de mantenir-se; aquestes\nrelacions s\u00f3n importants, ja que s\u00f3n el llinatge dels nostres fills, i tamb\u00e9 \u00e9s\nbo que sentin a prop els avis\/\u00e0vies, els tiets\/es i els cosins\/es. <\/p>\n\n\n\n<p>&#8211;\nPactar un horari de comunicaci\u00f3 que respecti les necessitats de tothom. \u00c9s\nconvenient poder establir acords conjunts de comunicaci\u00f3 entre els progenitors.\n<\/p>\n\n\n\n<p><strong>Comunicar\nno \u00e9s nom\u00e9s parlar! <\/strong><\/p>\n\n\n\n<p>\u00c9s realment important que l\u2019espai de comunicaci\u00f3 sigui un espai ric, \u00fatil, en qu\u00e8 les persones es sentin \u201cconnectades\u201d entre elles. Aquest \u00e9s un apartat especialment important per als m\u00e9s petits, ja q que els infants es comuniquen, aprenen i interaccionen per mitj\u00e0 del joc. <strong> <\/strong><\/p>\n\n\n\n<p>Compartir temps d\u2019oci amb els fills\/es millora els vincles\nafectius i facilita la comunicaci\u00f3. Sabem que les activitats interactives i\ncompartides fan les comunicacions amb els infants m\u00e9s atractives i\nsignificatives per aquests. <\/p>\n\n\n\n<p><strong>Com\ninteraccionar i jugar mitjan\u00e7ant internet? <\/strong><\/p>\n\n\n\n<p>&#8211;\nCal preparar el moment, com qualsevol altra est\u00e0ncia amb infants; cal establir\npr\u00e8viament certes activitats que voldr\u00e0s realitzar o proposar. -Cal con\u00e8ixer el\nsistema que s\u2019usar\u00e0 per a la realitzaci\u00f3 de la videoconfer\u00e8ncia, realitzant\nproves pr\u00e8vies (per adequar imatge, so, eines com compartir pantalla etc.). <\/p>\n\n\n\n<p>-\u00c9s\nimportant tenir una actitud oberta (les gesticulacions probablement hauran de\nser m\u00e9s clares i expressives), connectar amb la creativitat i tamb\u00e9 amb la\npaci\u00e8ncia, per anar adequant la situaci\u00f3 d\u2019acord amb encerts i errors. <\/p>\n\n\n\n<p>-Ser\u00e0\nnecessari adaptar el joc a l\u2019edat corresponent i al mitj\u00e0. Per videoconfer\u00e8ncia\nes poden adaptar molts dels jocs cl\u00e0ssics (cantar o ballar una can\u00e7\u00f3, fer\ntitelles, explicar contes, jugar al Veo-veo o Pedra, paper, tisora, etc., o\nfins a jocs en l\u00ednia pels m\u00e9s grans). Pot ser d\u2019utilitat fer una cerca per\ninternet per recavar idees i consells! <\/p>\n\n\n\n<p>-Sol\nser \u00fatil, per comen\u00e7ar, comptar amb aquells jocs que es fan quotidianament quan\ns\u2019est\u00e0 en contacte i, a partir d\u2019aqu\u00ed, comen\u00e7ar a adaptar-los. <\/p>\n\n\n\n<p><strong>2.2.3.\nSegons l\u2019edat <\/strong><\/p>\n\n\n\n<p>Caldr\u00e0\ntenir en compte l\u2019edat, situaci\u00f3 evolutiva i estat general dels fills\/es, aix\u00ed\ncom les seves necessitats de contacte. No \u00e9s el mateix un nad\u00f3 que un infant o\nun adolescent; cada edat i per\u00edode evolutiu t\u00e9 les seves pr\u00f2pies necessitats. <\/p>\n\n\n\n<p><strong>A l\u2019hora de comunicar-nos, segons l\u2019edat:  <\/strong><\/p>\n\n\n\n<p>-Amb nadons, ser\u00e0 important que aquests puguin escoltar la\nveu del progenitor absent. En aquestes edats la mem\u00f2ria sensorial juga un paper\nfonamental i encara que no ho sembli, l\u2019infant ja registra i identifica certes\nveus i imatges. Les comunicacions haurien de ser m\u00e9s curtes i m\u00e9s freq\u00fcents. <\/p>\n\n\n\n<p>-Amb\ninfants, recordar que les comunicacions basades en el joc, en compartir espais\ni temes comuns (fer els deures, llegir contes&#8230;) s\u00f3n m\u00e9s significatives i\nsatisfact\u00f2ries pels infants. En aquesta etapa, \u00e9s important establir rutines;\nper aix\u00f2, caldr\u00e0 mantenir horaris. Aquests horaris ajudaran a marcar h\u00e0bits que\npermetran a l\u2019infant incorporar les trucades com un element dels seu dia a dia,\npodent predir quan seran i generant sentiments de seguretat i tranquil\u00b7litat. <\/p>\n\n\n\n<p>-Amb\nadolescents i\/o preadolescents, per altra banda, s\u2019hauran d\u2019ajustar i acordar\nles freq\u00fc\u00e8ncies de les trucades a les seves necessitats. <\/p>\n\n\n\n<p><strong>2.2.4.\nSegons les necessitats espec\u00edfiques dels NNA <\/strong><\/p>\n\n\n\n<p>Igual\nque en l\u2019apartat anterior, \u00e9s necessari tenir presents les necessitats\nespecials que poden tenir els fills (discapacitats, trastorns psiqui\u00e0trics,\ndisfuncions conductuals o malalties). \u00c9s important poder acreditar aquestes\nsituacions. <\/p>\n\n\n\n<p><strong>Com\npodem ajudar als NNA amb necessitats espec\u00edfiques? <\/strong><\/p>\n\n\n\n<p>-Amb\nfills\/es amb necessitats de rutines, caldr\u00e0 prioritzar la cobertura\nd\u2019aquestanecessitat per assegurar el benestar dels NNA. \u00c9s m\u00e9s important que\nmai que les comunicacions siguin espec\u00edficament predictibles i amb horaris\najustats. <\/p>\n\n\n\n<p>-Recordar que, si els fills\/es estan sent atesos per serveis espec\u00edfics, molts d\u2019aquests serveis estan fent seguiment telef\u00f2nic i sempre poden ser un espai de consulta. Els professionals d\u2019aquests serveis sempre poden orientar a les fam\u00edlies en casos de permisos o pautes espec\u00edfiques, en funci\u00f3 de les necessitats concretes dels NNA. <strong> <\/strong><\/p>\n\n\n\n<p><strong>2.2.5. En casos en qu\u00e8 hi ha establerts Serveis T\u00e8cnics de\nPunt de Trobada (STPT) <\/strong><\/p>\n\n\n\n<p>Cal\nconsiderar que els STPT romanen tancats per raons de salut p\u00fablica. Aix\u00f2 afecta\ndiverses situacions d\u2019especial complexitat, com ara les de viol\u00e8ncia de g\u00e8nere.\nEn aquests casos, sempre que sigui possible i no concorrin altres aspectes de\nrisc o expressament prohibits, seria molt recomanable mirar de generar, per la\nvia de l\u2019acord, algun tipus de comunicaci\u00f3 (per exemple, telef\u00f2nica),\nespecialment si el NNA t\u00e9 predisposici\u00f3 o inter\u00e8s. <\/p>\n\n\n\n<p><strong>3.Conclusions\n<\/strong><\/p>\n\n\n\n<p>Aquest\ndocument d\u2019orientacions \u00e9s fruit del treball d\u2019equip i el consens entre els\ndiferents operadors psicosocials que donen suport a les inst\u00e0ncies judicials en\nels \u00e0mbits tant p\u00fablic com privat. Esdev\u00e9 un recull de criteris a considerar i\nponderar per part de les fam\u00edlies, amb la voluntat d\u2019ajudar-les a decidir\nrespecte dels fills, en un moment tant excepcional i complex com l\u2019actual.\nAquestes orientacions complementen i enriqueixen els acords judicials. <\/p>\n\n\n\n<p>Aix\u00ed\ndoncs, la q\u00fcesti\u00f3 m\u00e9s perempt\u00f2ria i motiu i objectiu principal d\u2019aquest\ndocument ha estat l\u2019intent d\u2019harmonitzar, en clau psicosocial, els principis\nd\u2019executivitat de les resolucions judicials, amb el dret fonamental a la\nsalvaguarda de la salut p\u00fablica i, per descomptat i com a valor suprem,\nl\u2019inter\u00e8s superior i la protecci\u00f3 dels NNA. <\/p>\n\n\n\n<p>De\nben segur que aquesta situaci\u00f3 revertir\u00e0 i que tots n\u2019extraurem aprenentatges\npel futur, un dels quals, sens dubte, \u00e9s el valor de les relacions humanes i\ndels vincles interpersonals.<\/p>\n\n\n\n<p>Sonia \u00c1lvarez G\u00f3mez (Abogada ICAB &#8211; Miembro SCAF)<\/p>\n","protected":false},"excerpt":{"rendered":"<p>ACUERDOS Y RECOMENDACIONES ADOPTADOS POR LOS JUZGADOS DE FAMILIA DE LA COMUNIDAD AUT\u00d3NOMA DE CATALUNYA&#8230;<\/p>\n","protected":false},"author":1,"featured_media":0,"comment_status":"closed","ping_status":"open","sticky":false,"template":"","format":"standard","meta":[],"categories":[379],"tags":[],"_links":{"self":[{"href":"https:\/\/artigasadvocats.com\/es\/wp-json\/wp\/v2\/posts\/17163\/"}],"collection":[{"href":"https:\/\/artigasadvocats.com\/es\/wp-json\/wp\/v2\/posts\/"}],"about":[{"href":"https:\/\/artigasadvocats.com\/es\/wp-json\/wp\/v2\/types\/post\/"}],"author":[{"embeddable":true,"href":"https:\/\/artigasadvocats.com\/es\/wp-json\/wp\/v2\/users\/1\/"}],"replies":[{"embeddable":true,"href":"https:\/\/artigasadvocats.com\/es\/wp-json\/wp\/v2\/comments\/?post=17163"}],"version-history":[{"count":2,"href":"https:\/\/artigasadvocats.com\/es\/wp-json\/wp\/v2\/posts\/17163\/revisions\/"}],"predecessor-version":[{"id":17165,"href":"https:\/\/artigasadvocats.com\/es\/wp-json\/wp\/v2\/posts\/17163\/revisions\/17165\/"}],"wp:attachment":[{"href":"https:\/\/artigasadvocats.com\/es\/wp-json\/wp\/v2\/media\/?parent=17163"}],"wp:term":[{"taxonomy":"category","embeddable":true,"href":"https:\/\/artigasadvocats.com\/es\/wp-json\/wp\/v2\/categories\/?post=17163"},{"taxonomy":"post_tag","embeddable":true,"href":"https:\/\/artigasadvocats.com\/es\/wp-json\/wp\/v2\/tags\/?post=17163"}],"curies":[{"name":"wp","href":"https:\/\/api.w.org\/{rel}","templated":true}]}}