{"id":17128,"date":"2020-03-16T15:01:44","date_gmt":"2020-03-16T13:01:44","guid":{"rendered":"http:\/\/artigasadvocats.com\/?p=17128"},"modified":"2020-03-16T15:01:46","modified_gmt":"2020-03-16T13:01:46","slug":"comunicat-urgent-comunicado-urgenteurgent-release","status":"publish","type":"post","link":"https:\/\/artigasadvocats.com\/es\/comunicat-urgent-comunicado-urgenteurgent-release\/","title":{"rendered":"COMUNICAT URGENT \/ COMUNICADO URGENTE \/ URGENT RELEASE"},"content":{"rendered":"\n<h2><\/h2>\n\n\n\n<p><strong>AVIS IMPORTANT! &nbsp;&nbsp;&nbsp;&nbsp;&nbsp;&nbsp;&nbsp;&nbsp;&nbsp;&nbsp;&nbsp;&nbsp;&nbsp;&nbsp;&nbsp;&nbsp;&nbsp;&nbsp;&nbsp;&nbsp;&nbsp;&nbsp;&nbsp;&nbsp;&nbsp;&nbsp;&nbsp;&nbsp;&nbsp;&nbsp;&nbsp;&nbsp;&nbsp;&nbsp;&nbsp;&nbsp;&nbsp;&nbsp;&nbsp;&nbsp;&nbsp;&nbsp;&nbsp;&nbsp;&nbsp;&nbsp;&nbsp;&nbsp;&nbsp;&nbsp;&nbsp;&nbsp;&nbsp;&nbsp;&nbsp;&nbsp;&nbsp;&nbsp;&nbsp;&nbsp;&nbsp;&nbsp;&nbsp;&nbsp;&nbsp;&nbsp;&nbsp;&nbsp;&nbsp;&nbsp;&nbsp;&nbsp;&nbsp;&nbsp;&nbsp;&nbsp;&nbsp;&nbsp;&nbsp;&nbsp;&nbsp;&nbsp;&nbsp;&nbsp;&nbsp;&nbsp;&nbsp;&nbsp;&nbsp;&nbsp;&nbsp;&nbsp;&nbsp;&nbsp;&nbsp;&nbsp;&nbsp;&nbsp;&nbsp;&nbsp;&nbsp;&nbsp; &nbsp;&nbsp;&nbsp;&nbsp;&nbsp;&nbsp;&nbsp;16 de mar\u00e7 de 2020<\/strong><\/p>\n\n\n\n<p>D\u2019acord amb el\nReial Decret 463\/2020, de 14 de mar\u00e7, pel qual es declara l\u2019estat d\u2019alarma per\na la gesti\u00f3 de la situaci\u00f3 de crisis sanit\u00e0ria ocasionada pel COVID-19, que va aprovar ahir el Govern espanyol,\nd\u2019acord tamb\u00e9 amb les indicacions donades per Protecci\u00f3 Civil del Departament\nd&#8217;Interior de la Generalitat de Catalunya, <strong>s\u2019han susp\u00e8s tots els judicis\naix\u00ed com s\u2019han interromput tots els terminis legals de qualsevol procediment\njudicial. <\/strong><\/p>\n\n\n\n<p>El Reial Decret\npreveu unes <strong>excepcions<\/strong>, de les quals el despatx informar\u00e0 a qui\ntingui inter\u00e8s. <\/p>\n\n\n\n<p><strong>El pla de\nconting\u00e8ncia, per a les properes dues setmanes \u00e9s la SUSPENSI\u00d3 PRESENCIAL DE\nREUNIONS.<\/strong><\/p>\n\n\n\n<p><strong>LES VISITES\nes realitzaran per VIDEOCONFER\u00c8NCIA i les CONSULTES per tel\u00e8fon (93 860 43 43) i\nper EMAIL (<\/strong><a href=\"mailto:ra@artigasadvocats.com\"><strong>ra@artigasadvocats.com<\/strong><\/a><strong>)<\/strong><\/p>\n\n\n\n<p>Aix\u00ed mateix, i\nd\u2019acord amb l\u2019evoluci\u00f3 de la situaci\u00f3, el pla es podria anar revisant i\nactualitzant.<\/p>\n\n\n\n<p>Estem\nfent, tots plegats, un gran esfor\u00e7 per aconseguir que aquesta situaci\u00f3 alteri\nel m\u00ednim possible l\u2019activitat d\u2019assessorament i de gesti\u00f3 del despatx.<\/p>\n\n\n\n<p>Gr\u00e0cies per la vostra comprensi\u00f3 i\ndisculpeu les mol\u00e8sties.<\/p>\n\n\n\n<p><\/p>\n\n\n\n<p><\/p>\n\n\n\n<p><strong>\u00a1AVISO IMPORTANTE!\u00a0\u00a0\u00a0\u00a0\u00a0\u00a0\u00a0\u00a0\u00a0\u00a0\u00a0\u00a0\u00a0\u00a0\u00a0\u00a0\u00a0\u00a0\u00a0\u00a0\u00a0\u00a0\u00a0\u00a0\u00a0\u00a0\u00a0\u00a0\u00a0\u00a0\u00a0\u00a0\u00a0\u00a0\u00a0\u00a0\u00a0\u00a0\u00a0\u00a0\u00a0\u00a0\u00a0\u00a0\u00a0\u00a0\u00a0\u00a0\u00a0\u00a0\u00a0\u00a0\u00a0\u00a0\u00a0\u00a0\u00a0\u00a0\u00a0\u00a0\u00a0\u00a0\u00a0\u00a0\u00a0\u00a0\u00a0\u00a0\u00a0\u00a0\u00a0\u00a0\u00a0\u00a0\u00a0\u00a0\u00a0\u00a0\u00a0\u00a0\u00a0\u00a0\u00a0\u00a0\u00a0\u00a0\u00a0\u00a0\u00a0\u00a0\u00a0\u00a0\u00a0\u00a0\u00a0\u00a0 \u00a0\u00a0\u00a0\u00a0 16 de marzo de 2020<\/strong><\/p>\n\n\n\n<p>De conformidad con el Real Decreto 463\/2020, de 14 de marzo, por el que\nse declara el estado de alarma para la gesti\u00f3n de la crisis sanitaria causadas\npor el COVID-19, que aprob\u00f3 ayer el Gobierno\nespa\u00f1ol y, seg\u00fan las indicaciones dadas por Protecci\u00f3n Civil del Departamento\ndel Interior de la Generalitat de Catalu\u00f1a, <strong>se ha acordado la suspensi\u00f3n\nde los juicios, as\u00ed como interrumpido los plazos legales de cualquier\nprocedimiento judicial.<\/strong><\/p>\n\n\n\n<p>El Real Decreto prev\u00e9 algunas <strong>excepciones<\/strong> que este\ndespacho podr\u00e1 informar a quien tenga inter\u00e9s.<\/p>\n\n\n\n<p>El plan de contingencia para las pr\u00f3ximas dos semanas es la <strong>SUSPENSI\u00d3N\nPRESENCIAL DE LAS REUNIONES<\/strong>. <\/p>\n\n\n\n<p><strong>Las visitas se realizar\u00e1n por VIDEOCONFERENCIA\ny las consultas por CORREO ELECTR\u00d3NICO:<\/strong> por <strong>TELEFONO (93 860 43 43) y\npor EMAIL (<\/strong><a href=\"mailto:ra@artigasadvocats.com\"><strong>ra@artigasadvocats.com<\/strong><\/a>).<strong><\/strong><\/p>\n\n\n\n<p>Del mismo modo, y de conformidad con la evoluci\u00f3n de la situaci\u00f3n, el\nplan podr\u00eda ser revisado y actualizado. <\/p>\n\n\n\n<p>Estamos haciendo, todos juntos, un gran\nesfuerzo para asegurar que esta situaci\u00f3n altere lo menos posible la actividad\nde asesoramiento y de gesti\u00f3n del despacho.<\/p>\n\n\n\n<p>Gracias por su comprensi\u00f3n y excusar las molestias.<\/p>\n\n\n\n<p><\/p>\n\n\n\n<p><\/p>\n\n\n\n<p><strong>VERY IMPORTANT NOTICE!\u00a0\u00a0\u00a0\u00a0\u00a0\u00a0\u00a0\u00a0\u00a0\u00a0\u00a0\u00a0\u00a0\u00a0\u00a0\u00a0\u00a0\u00a0\u00a0\u00a0\u00a0\u00a0\u00a0\u00a0\u00a0\u00a0\u00a0\u00a0\u00a0\u00a0\u00a0\u00a0\u00a0\u00a0\u00a0\u00a0\u00a0\u00a0\u00a0\u00a0\u00a0\u00a0\u00a0\u00a0\u00a0\u00a0\u00a0\u00a0\u00a0\u00a0\u00a0\u00a0\u00a0\u00a0\u00a0\u00a0\u00a0\u00a0\u00a0\u00a0\u00a0\u00a0\u00a0\u00a0\u00a0\u00a0\u00a0\u00a0\u00a0\u00a0\u00a0\u00a0\u00a0\u00a0\u00a0\u00a0\u00a0\u00a0\u00a0\u00a0\u00a0\u00a0\u00a0\u00a0\u00a0\u00a0\u00a0\u00a0\u00a0\u00a0\u00a0\u00a0\u00a0\u00a0\u00a0\u00a0\u00a0\u00a0\u00a0\u00a0\u00a0 March 16, 2020<\/strong><\/p>\n\n\n\n<p>In accordance with Royal Decree 463\/2020, of 14 March, which declares the state\nof alarm due to the situation of health crisis caused by COVID-19, approved yesterday by the Spanish\nGovernment, and according to the indications given by Citizen safety of the\nDepartment of&nbsp; Interior of the\nGeneralitat de Catalunya, we communicate to all customers that all trials (JUDGMENTS)\n<strong>HAVE BEEN SUSPENDED, as well as INTERRUPTED the legal deadlines of any\njudicial proceedings.<\/strong><\/p>\n\n\n\n<p>The Royal Decree provides for certain <strong>EXCEPTIONS<\/strong> about which the\nfirm may inform anyone interested. <\/p>\n\n\n\n<p>The contingency plan for the next two weeks is the suspension of face-to-face\nmeetings. <\/p>\n\n\n\n<p><strong>ALL MEETINGS will be by VIDEOCONFERENCE AND all LEGAL INQUIRIES will be by PHONE ( 93 860 43 43) or by email <\/strong>(<a href=\"mailto:ra@artigasadvocats.com\"><strong>ra@artigasadvocats.com<\/strong><\/a>).<\/p>\n\n\n\n<p>Likewise, and according to the evolution of the situation, the plan could\nbe reviewed and updated.<\/p>\n\n\n\n<p>We are making a great effort together to\nensure that the activity of the firm changes as little as possible by this\nsituation.<\/p>\n\n\n\n<p>Thank you for your understanding and apologize for the inconvenience.<\/p>\n\n\n\n<p><\/p>\n\n\n\n<p><\/p>\n\n\n\n<p><\/p>\n\n\n\n<p><\/p>\n","protected":false},"excerpt":{"rendered":"<p>AVIS IMPORTANT! &nbsp;&nbsp;&nbsp;&nbsp;&nbsp;&nbsp;&nbsp;&nbsp;&nbsp;&nbsp;&nbsp;&nbsp;&nbsp;&nbsp;&nbsp;&nbsp;&nbsp;&nbsp;&nbsp;&nbsp;&nbsp;&nbsp;&nbsp;&nbsp;&nbsp;&nbsp;&nbsp;&nbsp;&nbsp;&nbsp;&nbsp;&nbsp;&nbsp;&nbsp;&nbsp;&nbsp;&nbsp;&nbsp;&nbsp;&nbsp;&nbsp;&nbsp;&nbsp;&nbsp;&nbsp;&nbsp;&nbsp;&nbsp;&nbsp;&nbsp;&nbsp;&nbsp;&nbsp;&nbsp;&nbsp;&nbsp;&nbsp;&nbsp;&nbsp;&nbsp;&nbsp;&nbsp;&nbsp;&nbsp;&nbsp;&nbsp;&nbsp;&nbsp;&nbsp;&nbsp;&nbsp;&nbsp;&nbsp;&nbsp;&nbsp;&nbsp;&nbsp;&nbsp;&nbsp;&nbsp;&nbsp;&nbsp;&nbsp;&nbsp;&nbsp;&nbsp;&nbsp;&nbsp;&nbsp;&nbsp;&nbsp;&nbsp;&nbsp;&nbsp;&nbsp;&nbsp;&nbsp;&nbsp;&nbsp;&nbsp;&nbsp;&nbsp; &nbsp;&nbsp;&nbsp;&nbsp;&nbsp;&nbsp;&nbsp;16 de mar\u00e7 de 2020 D\u2019acord amb el Reial Decret 463\/2020, de&#8230;<\/p>\n","protected":false},"author":1,"featured_media":0,"comment_status":"closed","ping_status":"open","sticky":false,"template":"","format":"standard","meta":[],"categories":[377],"tags":[],"_links":{"self":[{"href":"https:\/\/artigasadvocats.com\/es\/wp-json\/wp\/v2\/posts\/17128\/"}],"collection":[{"href":"https:\/\/artigasadvocats.com\/es\/wp-json\/wp\/v2\/posts\/"}],"about":[{"href":"https:\/\/artigasadvocats.com\/es\/wp-json\/wp\/v2\/types\/post\/"}],"author":[{"embeddable":true,"href":"https:\/\/artigasadvocats.com\/es\/wp-json\/wp\/v2\/users\/1\/"}],"replies":[{"embeddable":true,"href":"https:\/\/artigasadvocats.com\/es\/wp-json\/wp\/v2\/comments\/?post=17128"}],"version-history":[{"count":7,"href":"https:\/\/artigasadvocats.com\/es\/wp-json\/wp\/v2\/posts\/17128\/revisions\/"}],"predecessor-version":[{"id":17135,"href":"https:\/\/artigasadvocats.com\/es\/wp-json\/wp\/v2\/posts\/17128\/revisions\/17135\/"}],"wp:attachment":[{"href":"https:\/\/artigasadvocats.com\/es\/wp-json\/wp\/v2\/media\/?parent=17128"}],"wp:term":[{"taxonomy":"category","embeddable":true,"href":"https:\/\/artigasadvocats.com\/es\/wp-json\/wp\/v2\/categories\/?post=17128"},{"taxonomy":"post_tag","embeddable":true,"href":"https:\/\/artigasadvocats.com\/es\/wp-json\/wp\/v2\/tags\/?post=17128"}],"curies":[{"name":"wp","href":"https:\/\/api.w.org\/{rel}","templated":true}]}}