{"id":17099,"date":"2019-11-29T19:46:17","date_gmt":"2019-11-29T17:46:17","guid":{"rendered":"http:\/\/artigasadvocats.com\/?p=17099"},"modified":"2019-11-29T20:06:38","modified_gmt":"2019-11-29T18:06:38","slug":"reglaments-2016-1103-sobre-regims-economics-matrimonials-i-2016-1104-sobre-els-efectes-patrimonials-de-les-unions-registrades","status":"publish","type":"post","link":"https:\/\/artigasadvocats.com\/es\/reglaments-2016-1103-sobre-regims-economics-matrimonials-i-2016-1104-sobre-els-efectes-patrimonials-de-les-unions-registrades\/","title":{"rendered":"Reglaments 2016\/1103, sobre r\u00e8gims econ\u00f2mics matrimonials, i 2016\/1104, sobre els efectes patrimonials de les unions registrades"},"content":{"rendered":"\n<p>Des del passat 29 de gener estan\nen vigor els Reglaments 2016\/1103, sobre r\u00e8gims econ\u00f2mics matrimonials, i\n2016\/1104, sobre els efectes patrimonials de les unions registrades, quan hi ha\nun aspecte internacional o transfronterer. <\/p>\n\n\n\n<p>Malauradament, el Reglament sobre\nefectes patrimonials d&#8217;unions registrades no \u00e9s aplicable a les parelles\nestables de dret catal\u00e0. Fins i tot en els sup\u00f2sits en qu\u00e8 la parella ha estat\nconstitu\u00efda per escriptura p\u00fablica o ha estat registrada, no cau dins de\nl&#8217;\u00e0mbit del Reglament 2016\/1104, perqu\u00e8 el seu article 3.1a) exigeix que el\nregistre tingui car\u00e0cter constitutiu. Les parelles d&#8217;altres CC.AA. que s\u00ed\nregulen el registre amb car\u00e0cter constitutiu, s\u00ed cauen dins del seu \u00e0mbit\nd&#8217;aplicaci\u00f3. <\/p>\n\n\n\n<p>Les resolucions sobre aquestes\nmat\u00e8ries procedents dels 18 Estats Membres de la Uni\u00f3 Europea que participen en\naquests reglaments (no dels altres Estats Membres o pa\u00efsos tercers) es poden\nrecon\u00e8ixer i executar per la via (privilegiada) d&#8217;aquestes reglaments si tenen\ndata del 29 de gener o posterior (encara que el plet hagi comen\u00e7at abans),\nsempre que hagin respectats els criteris de jurisdicci\u00f3 internacional dels\nreglaments.<\/p>\n\n\n\n<p>El sistema, com sempre en dret\ninternacional, \u00e9s complex per\u00f2 unifica la diversitat dins dels pa\u00efsos de la UE,\nal menys els 18 participants, entre els quals est\u00e0 integrat Espanya.<\/p>\n","protected":false},"excerpt":{"rendered":"<p>Des del passat 29 de gener estan en vigor els Reglaments 2016\/1103, sobre r\u00e8gims econ\u00f2mics&#8230;<\/p>\n","protected":false},"author":1,"featured_media":0,"comment_status":"closed","ping_status":"open","sticky":false,"template":"","format":"standard","meta":[],"categories":[379],"tags":[],"_links":{"self":[{"href":"https:\/\/artigasadvocats.com\/es\/wp-json\/wp\/v2\/posts\/17099\/"}],"collection":[{"href":"https:\/\/artigasadvocats.com\/es\/wp-json\/wp\/v2\/posts\/"}],"about":[{"href":"https:\/\/artigasadvocats.com\/es\/wp-json\/wp\/v2\/types\/post\/"}],"author":[{"embeddable":true,"href":"https:\/\/artigasadvocats.com\/es\/wp-json\/wp\/v2\/users\/1\/"}],"replies":[{"embeddable":true,"href":"https:\/\/artigasadvocats.com\/es\/wp-json\/wp\/v2\/comments\/?post=17099"}],"version-history":[{"count":1,"href":"https:\/\/artigasadvocats.com\/es\/wp-json\/wp\/v2\/posts\/17099\/revisions\/"}],"predecessor-version":[{"id":17100,"href":"https:\/\/artigasadvocats.com\/es\/wp-json\/wp\/v2\/posts\/17099\/revisions\/17100\/"}],"wp:attachment":[{"href":"https:\/\/artigasadvocats.com\/es\/wp-json\/wp\/v2\/media\/?parent=17099"}],"wp:term":[{"taxonomy":"category","embeddable":true,"href":"https:\/\/artigasadvocats.com\/es\/wp-json\/wp\/v2\/categories\/?post=17099"},{"taxonomy":"post_tag","embeddable":true,"href":"https:\/\/artigasadvocats.com\/es\/wp-json\/wp\/v2\/tags\/?post=17099"}],"curies":[{"name":"wp","href":"https:\/\/api.w.org\/{rel}","templated":true}]}}