{"id":17076,"date":"2019-11-15T19:13:43","date_gmt":"2019-11-15T17:13:43","guid":{"rendered":"http:\/\/artigasadvocats.com\/?p=17076"},"modified":"2022-01-04T19:34:09","modified_gmt":"2022-01-04T17:34:09","slug":"audiencia-del-menor-y-constitucionalidad-del-art-18-2-4-a-de-la-ley-15-2015-de-jurisdiccion-voluntaria-sentencia-del-tc-de-9-5-2019","status":"publish","type":"post","link":"https:\/\/artigasadvocats.com\/es\/audiencia-del-menor-y-constitucionalidad-del-art-18-2-4-a-de-la-ley-15-2015-de-jurisdiccion-voluntaria-sentencia-del-tc-de-9-5-2019\/","title":{"rendered":"Audiencia del menor y constitucionalidad del art. 18.2.4.\u00aa de la Ley 15\/2015 de Jurisdicci\u00f3n voluntaria. Sentencia del TC de 9-5-2019"},"content":{"rendered":"<p>El Juzgado de Primera Instancia n\u00fam. 14 de Barcelona plantea cuesti\u00f3n de inconstitucionalidad respecto del art. 18.2.4 de la Ley 15\/2015, de 2 de julio, de la jurisdicci\u00f3n voluntaria, por posible vulneraci\u00f3n del derecho fundamental a la intimidad del menor de edad (art. 18.1 CE). La STC de 9 de mayo de 2019 desestima la cuesti\u00f3n de inconstitucionalidad.<\/p>\n<p>Las conclusiones que se extraen de la misma seg\u00fan Magistrado-Juez, Doctor en Derecho Xavier Abel Lluch, titular del Juzgada Primera Instancia n\u00fam. 14 de Barcelona son las siguientes:<\/p>\n<p><strong>Primera.<\/strong> Aun cuando la cuesti\u00f3n de constitucionalidad se plante\u00f3 con respecto a un concreto art\u00edculo de la Ley 15\/2015, de 2 de julio sus razonamientos pueden proyectarse a cualquier audiencia de menores sea en proceso de jurisdicci\u00f3n voluntaria, sea en proceso contencioso, e incluso en procesos penales.<\/p>\n<p><strong>Segunda.<\/strong> La protecci\u00f3n del derecho a la intimidad del menor exige que la audiencia se practique con presencia del Ministerio Fiscal y con ausencia de las partes, los abogados y procuradores, para facilitar la espontaneidad en las manifestaciones del menor.<\/p>\n<p><strong>Tercera.<\/strong> La especial protecci\u00f3n del derecho a la intimidad del menor, que debe ya procurarse en el acto mismo de la audiencia, <u>exige una documentaci\u00f3n que se limite a las manifestaciones m\u00e1s relevantes e imprescindibles para la resoluci\u00f3n de la controversia, y por exigencia del principio de contradicci\u00f3n y la relevancia que pueden tener las manifestaciones del menor en la motivaci\u00f3n de la decisi\u00f3n judicial, <strong>debe darse traslado a los abogados.<\/strong><\/u><\/p>\n<p><strong>Cuarta.<\/strong> En aquellos supuestos en que las manifestaciones del menor comprometen abiertamente su intimidad deber\u00e1 procurarse una redacci\u00f3n del acta que, sin faltar a la realidad de las manifestaciones del menor, comprometa lo menos posible la intimidad del menor y evite un posterior y eventual conflicto con sus progenitores y\/o dem\u00e1s familiares.<\/p>\n<p>%MCEPASTEBIN%<\/p>\n","protected":false},"excerpt":{"rendered":"<p>El Juzgado de Primera Instancia n\u00fam. 14 de Barcelona plantea cuesti\u00f3n de inconstitucionalidad respecto del&#8230;<\/p>\n","protected":false},"author":1,"featured_media":0,"comment_status":"closed","ping_status":"closed","sticky":false,"template":"","format":"standard","meta":[],"categories":[379],"tags":[],"_links":{"self":[{"href":"https:\/\/artigasadvocats.com\/es\/wp-json\/wp\/v2\/posts\/17076\/"}],"collection":[{"href":"https:\/\/artigasadvocats.com\/es\/wp-json\/wp\/v2\/posts\/"}],"about":[{"href":"https:\/\/artigasadvocats.com\/es\/wp-json\/wp\/v2\/types\/post\/"}],"author":[{"embeddable":true,"href":"https:\/\/artigasadvocats.com\/es\/wp-json\/wp\/v2\/users\/1\/"}],"replies":[{"embeddable":true,"href":"https:\/\/artigasadvocats.com\/es\/wp-json\/wp\/v2\/comments\/?post=17076"}],"version-history":[{"count":2,"href":"https:\/\/artigasadvocats.com\/es\/wp-json\/wp\/v2\/posts\/17076\/revisions\/"}],"predecessor-version":[{"id":17413,"href":"https:\/\/artigasadvocats.com\/es\/wp-json\/wp\/v2\/posts\/17076\/revisions\/17413\/"}],"wp:attachment":[{"href":"https:\/\/artigasadvocats.com\/es\/wp-json\/wp\/v2\/media\/?parent=17076"}],"wp:term":[{"taxonomy":"category","embeddable":true,"href":"https:\/\/artigasadvocats.com\/es\/wp-json\/wp\/v2\/categories\/?post=17076"},{"taxonomy":"post_tag","embeddable":true,"href":"https:\/\/artigasadvocats.com\/es\/wp-json\/wp\/v2\/tags\/?post=17076"}],"curies":[{"name":"wp","href":"https:\/\/api.w.org\/{rel}","templated":true}]}}