{"id":17073,"date":"2019-11-15T18:36:15","date_gmt":"2019-11-15T16:36:15","guid":{"rendered":"http:\/\/artigasadvocats.com\/?p=17073"},"modified":"2022-01-04T19:34:16","modified_gmt":"2022-01-04T17:34:16","slug":"assistencia-al-primer-congres-de-dret-de-familia-i-successions-organitzat-per-leditorial-juridica-sepin","status":"publish","type":"post","link":"https:\/\/artigasadvocats.com\/es\/assistencia-al-primer-congres-de-dret-de-familia-i-successions-organitzat-per-leditorial-juridica-sepin\/","title":{"rendered":"Assist\u00e8ncia al primer congr\u00e9s de Dret de fam\u00edlia i successions organitzat per l\u2019editorial jur\u00eddica Sep\u00edn"},"content":{"rendered":"<p>Els dies 14 i 15 de novembre es celebra a Madrid el primer congr\u00e9s de Dret de fam\u00edlia de l\u2019Editorial jur\u00eddica Sep\u00edn. Artigas Advocats hi ser\u00e0 present per tractar l\u2019actualitat del dret de fam\u00edlia, els seus aspectes m\u00e9s pol\u00e8mics\u00a0 i interessants en la seva vessant pr\u00e0ctica. El congr\u00e9s comptar\u00e0, entre d\u2019altres, amb ponents de la talla de l\u2019Excm. Sr. D. Jos\u00e9 Antonio Seijas Quintana, magistrat jubilat de la Sala Primera Civil del Tribunal Suprem i l\u2019Il\u00b7lm. Sr. D. Eduardo Hijas Fern\u00e1ndez magistrat jubilat, expresident de la Secci\u00f3 22.\u00aa de Fam\u00edlia, de l\u2019Audi\u00e8ncia Provincial de Madrid.<\/p>\n<p>%MCEPASTEBIN%<\/p>\n","protected":false},"excerpt":{"rendered":"<p>Els dies 14 i 15 de novembre es celebra a Madrid el primer congr\u00e9s de&#8230;<\/p>\n","protected":false},"author":1,"featured_media":0,"comment_status":"closed","ping_status":"open","sticky":false,"template":"","format":"standard","meta":[],"categories":[377],"tags":[],"_links":{"self":[{"href":"https:\/\/artigasadvocats.com\/es\/wp-json\/wp\/v2\/posts\/17073\/"}],"collection":[{"href":"https:\/\/artigasadvocats.com\/es\/wp-json\/wp\/v2\/posts\/"}],"about":[{"href":"https:\/\/artigasadvocats.com\/es\/wp-json\/wp\/v2\/types\/post\/"}],"author":[{"embeddable":true,"href":"https:\/\/artigasadvocats.com\/es\/wp-json\/wp\/v2\/users\/1\/"}],"replies":[{"embeddable":true,"href":"https:\/\/artigasadvocats.com\/es\/wp-json\/wp\/v2\/comments\/?post=17073"}],"version-history":[{"count":3,"href":"https:\/\/artigasadvocats.com\/es\/wp-json\/wp\/v2\/posts\/17073\/revisions\/"}],"predecessor-version":[{"id":17414,"href":"https:\/\/artigasadvocats.com\/es\/wp-json\/wp\/v2\/posts\/17073\/revisions\/17414\/"}],"wp:attachment":[{"href":"https:\/\/artigasadvocats.com\/es\/wp-json\/wp\/v2\/media\/?parent=17073"}],"wp:term":[{"taxonomy":"category","embeddable":true,"href":"https:\/\/artigasadvocats.com\/es\/wp-json\/wp\/v2\/categories\/?post=17073"},{"taxonomy":"post_tag","embeddable":true,"href":"https:\/\/artigasadvocats.com\/es\/wp-json\/wp\/v2\/tags\/?post=17073"}],"curies":[{"name":"wp","href":"https:\/\/api.w.org\/{rel}","templated":true}]}}