{"id":17071,"date":"2019-11-15T18:29:36","date_gmt":"2019-11-15T16:29:36","guid":{"rendered":"http:\/\/artigasadvocats.com\/?p=17071"},"modified":"2019-11-15T18:29:38","modified_gmt":"2019-11-15T16:29:38","slug":"assistencia-a-les-vii-jornades-de-dret-de-familia-24-i-25-doctubre-2019","status":"publish","type":"post","link":"https:\/\/artigasadvocats.com\/es\/assistencia-a-les-vii-jornades-de-dret-de-familia-24-i-25-doctubre-2019\/","title":{"rendered":"Assist\u00e8ncia a les VII Jornades de Dret De Fam\u00edlia (24 i 25 d\u2019octubre 2019)"},"content":{"rendered":"<p>El passat 24 i 25 d\u2019octubre l\u2019equip d\u2019Artigas Advocats va assistir a les Jornades de formaci\u00f3 de Dret de Fam\u00edlia de la Societat Catalana d&#8217;Advocats de Fam\u00edlia; <em>\u201cAlgunes q\u00fcestions te\u00f2riques i altres molt practiques\u201d<\/em> celebrat al\u00a0<a href=\"http:\/\/www.ub.edu\/museuvirtual\/visitavirtualEH\/index.php\/ca\/coneix-l-edifici-sala-x-sala\/planta-primera\/paranimf?view=gallery_wd\">Paranimf de la Universitat de Barcelona<\/a>.<\/p>\n","protected":false},"excerpt":{"rendered":"<p>El passat 24 i 25 d\u2019octubre l\u2019equip d\u2019Artigas Advocats va assistir a les Jornades de&#8230;<\/p>\n","protected":false},"author":1,"featured_media":0,"comment_status":"closed","ping_status":"open","sticky":false,"template":"","format":"standard","meta":[],"categories":[377],"tags":[],"_links":{"self":[{"href":"https:\/\/artigasadvocats.com\/es\/wp-json\/wp\/v2\/posts\/17071\/"}],"collection":[{"href":"https:\/\/artigasadvocats.com\/es\/wp-json\/wp\/v2\/posts\/"}],"about":[{"href":"https:\/\/artigasadvocats.com\/es\/wp-json\/wp\/v2\/types\/post\/"}],"author":[{"embeddable":true,"href":"https:\/\/artigasadvocats.com\/es\/wp-json\/wp\/v2\/users\/1\/"}],"replies":[{"embeddable":true,"href":"https:\/\/artigasadvocats.com\/es\/wp-json\/wp\/v2\/comments\/?post=17071"}],"version-history":[{"count":1,"href":"https:\/\/artigasadvocats.com\/es\/wp-json\/wp\/v2\/posts\/17071\/revisions\/"}],"predecessor-version":[{"id":17072,"href":"https:\/\/artigasadvocats.com\/es\/wp-json\/wp\/v2\/posts\/17071\/revisions\/17072\/"}],"wp:attachment":[{"href":"https:\/\/artigasadvocats.com\/es\/wp-json\/wp\/v2\/media\/?parent=17071"}],"wp:term":[{"taxonomy":"category","embeddable":true,"href":"https:\/\/artigasadvocats.com\/es\/wp-json\/wp\/v2\/categories\/?post=17071"},{"taxonomy":"post_tag","embeddable":true,"href":"https:\/\/artigasadvocats.com\/es\/wp-json\/wp\/v2\/tags\/?post=17071"}],"curies":[{"name":"wp","href":"https:\/\/api.w.org\/{rel}","templated":true}]}}