{"id":17064,"date":"2019-11-15T18:22:53","date_gmt":"2019-11-15T16:22:53","guid":{"rendered":"http:\/\/artigasadvocats.com\/?p=17064"},"modified":"2019-11-15T18:24:39","modified_gmt":"2019-11-15T16:24:39","slug":"artigas-advocats-col%c2%b7labora-amb-la-clinica-juridica-de-la-universitat-pompeu-fabra","status":"publish","type":"post","link":"https:\/\/artigasadvocats.com\/es\/artigas-advocats-col%c2%b7labora-amb-la-clinica-juridica-de-la-universitat-pompeu-fabra\/","title":{"rendered":"ARTIGAS ADVOCATS COL\u00b7LABORA AMB LA CL\u00cdNICA JUR\u00cdDICA DE LA UNIVERSITAT POMPEU FABRA"},"content":{"rendered":"\n<p>El passat desembre de 2018, Artigas Advocats va ser escollit com a despatx col\u00b7laborador amb la cl\u00ednica Jur\u00eddica de la Universitat Pompeu Fabra. L\u2019advocada volunt\u00e0ria Sra. Rosa Artigas professora associada del departament de Dret civil,  ha acceptat assumir pro bono ( gratu\u00efta) la defensa  d\u2019una jove embarassada a qui la parella ha fet fora de casa per no haver volgut interrompre la gestaci\u00f3 d\u2019un fill en com\u00fa. La direcci\u00f3 i defensa del cas ser\u00e0 assumida per la Sra. Artigas amb el seu equip professional, amb la col\u00b7laboraci\u00f3 de l\u2019equip acad\u00e8mic de la Universitat i quatres estudiants de quart curs de dret, que han el.laborat el seu treball de fi de grau sobre aspectes del cas. <\/p>\n","protected":false},"excerpt":{"rendered":"<p>El passat desembre de 2018, Artigas Advocats va ser escollit com a despatx col\u00b7laborador amb&#8230;<\/p>\n","protected":false},"author":1,"featured_media":0,"comment_status":"closed","ping_status":"open","sticky":false,"template":"","format":"standard","meta":[],"categories":[377],"tags":[],"_links":{"self":[{"href":"https:\/\/artigasadvocats.com\/es\/wp-json\/wp\/v2\/posts\/17064\/"}],"collection":[{"href":"https:\/\/artigasadvocats.com\/es\/wp-json\/wp\/v2\/posts\/"}],"about":[{"href":"https:\/\/artigasadvocats.com\/es\/wp-json\/wp\/v2\/types\/post\/"}],"author":[{"embeddable":true,"href":"https:\/\/artigasadvocats.com\/es\/wp-json\/wp\/v2\/users\/1\/"}],"replies":[{"embeddable":true,"href":"https:\/\/artigasadvocats.com\/es\/wp-json\/wp\/v2\/comments\/?post=17064"}],"version-history":[{"count":4,"href":"https:\/\/artigasadvocats.com\/es\/wp-json\/wp\/v2\/posts\/17064\/revisions\/"}],"predecessor-version":[{"id":17068,"href":"https:\/\/artigasadvocats.com\/es\/wp-json\/wp\/v2\/posts\/17064\/revisions\/17068\/"}],"wp:attachment":[{"href":"https:\/\/artigasadvocats.com\/es\/wp-json\/wp\/v2\/media\/?parent=17064"}],"wp:term":[{"taxonomy":"category","embeddable":true,"href":"https:\/\/artigasadvocats.com\/es\/wp-json\/wp\/v2\/categories\/?post=17064"},{"taxonomy":"post_tag","embeddable":true,"href":"https:\/\/artigasadvocats.com\/es\/wp-json\/wp\/v2\/tags\/?post=17064"}],"curies":[{"name":"wp","href":"https:\/\/api.w.org\/{rel}","templated":true}]}}