{"id":16913,"date":"2010-02-23T11:28:12","date_gmt":"2010-02-23T09:28:12","guid":{"rendered":"http:\/\/artigasadvocats.com\/?p=16913"},"modified":"2022-01-04T19:53:46","modified_gmt":"2022-01-04T17:53:46","slug":"la-audiencia-de-los-menores-no-sera-necesaria-cuando-su-opinion-se-conozca-por-otros-medios-sentencia-del-tribunal-constitucional-sala-en-pleno-de-29-de-junio-de-2009-numero-467731","status":"publish","type":"post","link":"https:\/\/artigasadvocats.com\/es\/la-audiencia-de-los-menores-no-sera-necesaria-cuando-su-opinion-se-conozca-por-otros-medios-sentencia-del-tribunal-constitucional-sala-en-pleno-de-29-de-junio-de-2009-numero-467731\/","title":{"rendered":"La audiencia de los menores no ser\u00e1 necesaria cuando su opini\u00f3n se conozca por otros medios. Sentencia del Tribunal Constitucional Sala en pleno de 29 de junio de 2009, n\u00famero 467731"},"content":{"rendered":"<p>El Tribunal Constitucional establece que no ser\u00e1 necesario que el Juez explore personalmente a los menores en sede judicial, cuando la opini\u00f3n de \u00e9stos ya se conozca a trav\u00e9s de otros medios, como informes periciales o psicol\u00f3gicos. Por lo tanto, de conformidad con este criterio \u00fanicamente ser\u00e1 obligatoria la exploraci\u00f3n de los menores cuando se estime necesaria de oficio o a petici\u00f3n del Fiscal, de las partes o de los miembros del Equipo T\u00e9cnico Judicial, o del propio menor siempre que evidentemente tengan la suficiente madurez.<\/p>\n<p><a title=\"Ver sentencia\" href=\"files\/Novetats_jurisprudencials\/Sentencia_del_Tribunal_Constitucional_sobre_l'audiencia_del.pdf\">Ver sentencia <\/a><\/p>\n","protected":false},"excerpt":{"rendered":"<p>La audiencia de los menores no ser\u00e1 necesaria cuando su opini\u00f3n se conozca por otros medios. Sentencia del Tribunal Constitucional Sala en pleno de 29 de junio de 2009, n\u00famero 467731.<\/p>\n","protected":false},"author":1,"featured_media":0,"comment_status":"closed","ping_status":"closed","sticky":false,"template":"","format":"standard","meta":[],"categories":[377],"tags":[],"_links":{"self":[{"href":"https:\/\/artigasadvocats.com\/es\/wp-json\/wp\/v2\/posts\/16913\/"}],"collection":[{"href":"https:\/\/artigasadvocats.com\/es\/wp-json\/wp\/v2\/posts\/"}],"about":[{"href":"https:\/\/artigasadvocats.com\/es\/wp-json\/wp\/v2\/types\/post\/"}],"author":[{"embeddable":true,"href":"https:\/\/artigasadvocats.com\/es\/wp-json\/wp\/v2\/users\/1\/"}],"replies":[{"embeddable":true,"href":"https:\/\/artigasadvocats.com\/es\/wp-json\/wp\/v2\/comments\/?post=16913"}],"version-history":[{"count":2,"href":"https:\/\/artigasadvocats.com\/es\/wp-json\/wp\/v2\/posts\/16913\/revisions\/"}],"predecessor-version":[{"id":17441,"href":"https:\/\/artigasadvocats.com\/es\/wp-json\/wp\/v2\/posts\/16913\/revisions\/17441\/"}],"wp:attachment":[{"href":"https:\/\/artigasadvocats.com\/es\/wp-json\/wp\/v2\/media\/?parent=16913"}],"wp:term":[{"taxonomy":"category","embeddable":true,"href":"https:\/\/artigasadvocats.com\/es\/wp-json\/wp\/v2\/categories\/?post=16913"},{"taxonomy":"post_tag","embeddable":true,"href":"https:\/\/artigasadvocats.com\/es\/wp-json\/wp\/v2\/tags\/?post=16913"}],"curies":[{"name":"wp","href":"https:\/\/api.w.org\/{rel}","templated":true}]}}