{"id":16911,"date":"2010-02-23T11:28:07","date_gmt":"2010-02-23T09:28:07","guid":{"rendered":"http:\/\/artigasadvocats.com\/?p=16911"},"modified":"2022-01-04T19:53:59","modified_gmt":"2022-01-04T17:53:59","slug":"curso-de-formacion-sobre-el-nuevo-derecho-civil-de-cataluna-organizado-por-el-ilmo-ilustre-colegio-de-abogados-de-sabadell-7-de-junio-de-2007-conferencia-impartida-por-rosa-artigas-sobre-la-liqui","status":"publish","type":"post","link":"https:\/\/artigasadvocats.com\/es\/curso-de-formacion-sobre-el-nuevo-derecho-civil-de-cataluna-organizado-por-el-ilmo-ilustre-colegio-de-abogados-de-sabadell-7-de-junio-de-2007-conferencia-impartida-por-rosa-artigas-sobre-la-liqui\/","title":{"rendered":"Curso de formaci\u00f3n sobre el nuevo derecho civil de Catalu\u00f1a organizado por el Ilmo. Ilustre Colegio de abogados de Sabadell, 7 de junio de 2007, conferencia impartida por Rosa Artigas sobre la \u00abliquidaci\u00f3n del r\u00e9gimen econ\u00f3mico matrimonial de separaci\u00f3n de bienes"},"content":{"rendered":"<p>Curso de formaci\u00f3n sobre el nuevo derecho civil de Catalu\u00f1a organizado por el Ilmo. Ilustre Colegio de abogados de Sabadell, 7 de junio de 2007, conferencia impartida por Rosa Artigas sobre la \u00abliquidaci\u00f3n del r\u00e9gimen econ\u00f3mico matrimonial de separaci\u00f3n de bienes.<\/p>\n<p><a href=\"http:\/\/www.artigasadvocats.com\/files\/Novetats_despatx\/Curs_de_formacio_al_nou_dret_civil_de_Catalunya_7_juny_2008.pdf\">Ver publicaci\u00f3n<\/a><\/p>\n","protected":false},"excerpt":{"rendered":"<p>Curso de formaci\u00f3n sobre el nuevo derecho civil de Catalu\u00f1a organizado por el Ilmo. Ilustre Colegio de abogados de Sabadell, 7 de junio de 2007, conferencia impartida por Rosa Artigas sobre la \u00abliquidaci\u00f3n del r\u00e9gimen econ\u00f3mico matrimonial de separaci\u00f3n de bienes.<\/p>\n","protected":false},"author":1,"featured_media":0,"comment_status":"closed","ping_status":"closed","sticky":false,"template":"","format":"standard","meta":[],"categories":[377],"tags":[],"_links":{"self":[{"href":"https:\/\/artigasadvocats.com\/es\/wp-json\/wp\/v2\/posts\/16911\/"}],"collection":[{"href":"https:\/\/artigasadvocats.com\/es\/wp-json\/wp\/v2\/posts\/"}],"about":[{"href":"https:\/\/artigasadvocats.com\/es\/wp-json\/wp\/v2\/types\/post\/"}],"author":[{"embeddable":true,"href":"https:\/\/artigasadvocats.com\/es\/wp-json\/wp\/v2\/users\/1\/"}],"replies":[{"embeddable":true,"href":"https:\/\/artigasadvocats.com\/es\/wp-json\/wp\/v2\/comments\/?post=16911"}],"version-history":[{"count":2,"href":"https:\/\/artigasadvocats.com\/es\/wp-json\/wp\/v2\/posts\/16911\/revisions\/"}],"predecessor-version":[{"id":17443,"href":"https:\/\/artigasadvocats.com\/es\/wp-json\/wp\/v2\/posts\/16911\/revisions\/17443\/"}],"wp:attachment":[{"href":"https:\/\/artigasadvocats.com\/es\/wp-json\/wp\/v2\/media\/?parent=16911"}],"wp:term":[{"taxonomy":"category","embeddable":true,"href":"https:\/\/artigasadvocats.com\/es\/wp-json\/wp\/v2\/categories\/?post=16911"},{"taxonomy":"post_tag","embeddable":true,"href":"https:\/\/artigasadvocats.com\/es\/wp-json\/wp\/v2\/tags\/?post=16911"}],"curies":[{"name":"wp","href":"https:\/\/api.w.org\/{rel}","templated":true}]}}