{"id":16906,"date":"2010-03-19T11:27:53","date_gmt":"2010-03-19T09:27:53","guid":{"rendered":"http:\/\/artigasadvocats.com\/?p=16906"},"modified":"2022-01-04T19:53:33","modified_gmt":"2022-01-04T17:53:33","slug":"indemnizacion-por-dano-moral-al-padre-a-quien-la-madre-ha-impedido-relacionarse-con-el-hijo-tribunal-supremo-sala-1-a-de-lo-civil-en-sentencia-de-30-de-junio-de-2009-recurso-de-casacion-n-o-512","status":"publish","type":"post","link":"https:\/\/artigasadvocats.com\/es\/indemnizacion-por-dano-moral-al-padre-a-quien-la-madre-ha-impedido-relacionarse-con-el-hijo-tribunal-supremo-sala-1-a-de-lo-civil-en-sentencia-de-30-de-junio-de-2009-recurso-de-casacion-n-o-512\/","title":{"rendered":"Indemnizaci\u00f3n por da\u00f1o moral al padre a quien la madre ha impedido relacionarse con el hijo. Tribunal Supremo, Sala 1 \u00aa de lo civil en Sentencia de 30 de junio de 2009, Recurso de casaci\u00f3n n \u00ba 512"},"content":{"rendered":"<p>La Sala Primera del Tribunal Supremo, reconoce que la actitud de la<br \/>\nmadre consistente en impedir la relaci\u00f3n personal entre el padre y el<br \/>\nhijo, aunque \u00e9ste tambi\u00e9n ten\u00eda atribuida la guarda y custodia, ha<br \/>\nocasionado graves perjuicios al padre as\u00ed como da\u00f1os morales<br \/>\nsusceptibles de ser indemnizados. <\/p>\n<p>En este sentido la sala establece una<br \/>\nindemitzaci\u00f3 de 60.000 euros a favor del padre que deber\u00e1 ser abonada<br \/>\npor la madre. <\/p>\n<p><a href=\"files\/Novetats_jurisprudencials\/Tribunal_Suprem_Sentencia_30_Juny_2009_Dany_Moral.pdf\" target=\"_blank\" title=\"Ver sentencia\" rel=\"noopener noreferrer\">Ver sentencia<\/a><\/p>\n","protected":false},"excerpt":{"rendered":"<p>Indemnizaci\u00f3n por da\u00f1o moral al padre a quien la madre ha impedido relacionarse con el hijo. Tribunal Supremo, Sala 1 \u00aa de lo civil en Sentencia de 30 de junio de 2009, Recurso de casaci\u00f3n n \u00ba 512.<\/p>\n","protected":false},"author":1,"featured_media":0,"comment_status":"closed","ping_status":"closed","sticky":false,"template":"","format":"standard","meta":[],"categories":[377],"tags":[],"_links":{"self":[{"href":"https:\/\/artigasadvocats.com\/es\/wp-json\/wp\/v2\/posts\/16906\/"}],"collection":[{"href":"https:\/\/artigasadvocats.com\/es\/wp-json\/wp\/v2\/posts\/"}],"about":[{"href":"https:\/\/artigasadvocats.com\/es\/wp-json\/wp\/v2\/types\/post\/"}],"author":[{"embeddable":true,"href":"https:\/\/artigasadvocats.com\/es\/wp-json\/wp\/v2\/users\/1\/"}],"replies":[{"embeddable":true,"href":"https:\/\/artigasadvocats.com\/es\/wp-json\/wp\/v2\/comments\/?post=16906"}],"version-history":[{"count":2,"href":"https:\/\/artigasadvocats.com\/es\/wp-json\/wp\/v2\/posts\/16906\/revisions\/"}],"predecessor-version":[{"id":17439,"href":"https:\/\/artigasadvocats.com\/es\/wp-json\/wp\/v2\/posts\/16906\/revisions\/17439\/"}],"wp:attachment":[{"href":"https:\/\/artigasadvocats.com\/es\/wp-json\/wp\/v2\/media\/?parent=16906"}],"wp:term":[{"taxonomy":"category","embeddable":true,"href":"https:\/\/artigasadvocats.com\/es\/wp-json\/wp\/v2\/categories\/?post=16906"},{"taxonomy":"post_tag","embeddable":true,"href":"https:\/\/artigasadvocats.com\/es\/wp-json\/wp\/v2\/tags\/?post=16906"}],"curies":[{"name":"wp","href":"https:\/\/api.w.org\/{rel}","templated":true}]}}