{"id":16889,"date":"2010-07-14T11:12:17","date_gmt":"2010-07-14T09:12:17","guid":{"rendered":"http:\/\/artigasadvocats.com\/?p=16889"},"modified":"2019-01-11T14:38:38","modified_gmt":"2019-01-11T12:38:38","slug":"hoy-el-parlamento-de-cataluna-ha-aprobado-el-llibro-segundo-del-codigo-civil-de-catalunya-que-adapta-las-leyes-de-la-persona-y-la-familia-a-la-realidad-social-catalana","status":"publish","type":"post","link":"https:\/\/artigasadvocats.com\/es\/hoy-el-parlamento-de-cataluna-ha-aprobado-el-llibro-segundo-del-codigo-civil-de-catalunya-que-adapta-las-leyes-de-la-persona-y-la-familia-a-la-realidad-social-catalana\/","title":{"rendered":"Hoy el Parlamento de Catalu\u00f1a ha aprobado el Llibro segundo del C\u00f3digo civil de Catalunya que adapta las leyes de la persona y la fam\u00edlia a la realidad social catalana"},"content":{"rendered":"<p><span>El nuevo texto fomenta la igualdad de derechos y deberes de los progenitores y refuerza la responsabilidad parental compartida de los progenitores hacia los hijos en casos de ruptura de pareja.&nbsp;<\/span><\/p>\n","protected":false},"excerpt":{"rendered":"<p>Hoy el Parlamento de Catalu\u00f1a ha aprobado el Llibro segundo del C\u00f3digo civil de Catalunya que adapta las leyes de la persona y la fam\u00edlia a la realidad social catalana<\/p>\n","protected":false},"author":1,"featured_media":0,"comment_status":"closed","ping_status":"closed","sticky":false,"template":"","format":"standard","meta":[],"categories":[377],"tags":[],"_links":{"self":[{"href":"https:\/\/artigasadvocats.com\/es\/wp-json\/wp\/v2\/posts\/16889\/"}],"collection":[{"href":"https:\/\/artigasadvocats.com\/es\/wp-json\/wp\/v2\/posts\/"}],"about":[{"href":"https:\/\/artigasadvocats.com\/es\/wp-json\/wp\/v2\/types\/post\/"}],"author":[{"embeddable":true,"href":"https:\/\/artigasadvocats.com\/es\/wp-json\/wp\/v2\/users\/1\/"}],"replies":[{"embeddable":true,"href":"https:\/\/artigasadvocats.com\/es\/wp-json\/wp\/v2\/comments\/?post=16889"}],"version-history":[{"count":1,"href":"https:\/\/artigasadvocats.com\/es\/wp-json\/wp\/v2\/posts\/16889\/revisions\/"}],"predecessor-version":[{"id":16894,"href":"https:\/\/artigasadvocats.com\/es\/wp-json\/wp\/v2\/posts\/16889\/revisions\/16894\/"}],"wp:attachment":[{"href":"https:\/\/artigasadvocats.com\/es\/wp-json\/wp\/v2\/media\/?parent=16889"}],"wp:term":[{"taxonomy":"category","embeddable":true,"href":"https:\/\/artigasadvocats.com\/es\/wp-json\/wp\/v2\/categories\/?post=16889"},{"taxonomy":"post_tag","embeddable":true,"href":"https:\/\/artigasadvocats.com\/es\/wp-json\/wp\/v2\/tags\/?post=16889"}],"curies":[{"name":"wp","href":"https:\/\/api.w.org\/{rel}","templated":true}]}}