{"id":16885,"date":"2014-01-24T11:12:05","date_gmt":"2014-01-24T09:12:05","guid":{"rendered":"http:\/\/artigasadvocats.com\/?p=16885"},"modified":"2022-01-04T19:52:50","modified_gmt":"2022-01-04T17:52:50","slug":"ts-sala-primera-de-lo-civil-12-12-2013-no-se-garantiza-el-interes-de-los-menores-al-desestimar-la-compartida-que-funciono-durante-17-meses","status":"publish","type":"post","link":"https:\/\/artigasadvocats.com\/es\/ts-sala-primera-de-lo-civil-12-12-2013-no-se-garantiza-el-interes-de-los-menores-al-desestimar-la-compartida-que-funciono-durante-17-meses\/","title":{"rendered":"TS, Sala Primera de lo Civil, 12-12-2013: No se garantiza el inter\u00e9s de los menores al desestimar la compartida, que funcion\u00f3 durante 17 meses"},"content":{"rendered":"<p style=\"TEXT-ALIGN: justify; LINE-HEIGHT: 15pt; MARGIN: 13.5pt 0cm 3.75pt; BACKGROUND: white\"><span style=\"FONT-FAMILY: \"Tahoma\",\"sans-serif\"; COLOR: black; FONT-SIZE: 12pt\">La AP deneg\u00f3 la custodia compartida de dos hijos menores de 14 a\u00f1os, que, previamente, se hab\u00eda acordado en la Instancia, argumentando que no hab\u00eda habido cambio de circunstancias, porque los menores ten\u00edan perfectamente cubiertas sus necesidades econ\u00f3micas y afectivas conviviendo con su madre, y la relaci\u00f3n con su padre se desarrollaba amplia y satisfactoriamente con un generoso r\u00e9gimen de visitas.<\/p>\n<p>El TS casa la sentencia y se repone la de primera instancia por considerar que el inter\u00e9s de los menores no ha quedado adecuadamente salvaguardado. Entiende que la soluci\u00f3n aplicada no ha tenido en cuenta ning\u00fan par\u00e1metro imprescindible para determinar el r\u00e9gimen de custodia aplicable que asegure el adecuado desarrollo evolutivo, la estabilidad emocional y la formaci\u00f3n integral del menor y, en definitiva, aproximarlo al modelo de convivencia existente antes de la ruptura matrimonial, garantizando a sus padres la posibilidad de seguir ejerciendo los derechos y las obligaciones inherentes a la potestad o responsabilidad parental y de participar en igualdad de condiciones en el desarrollo y crecimiento de sus hijos en la \u00faltima etapa de su infancia, lo que, sin duda, parece tambi\u00e9n lo m\u00e1s beneficioso para ellos.<\/p>\n","protected":false},"excerpt":{"rendered":"<p>TS, Sala Primera de lo Civil, 12-12-2013: No se garantiza el inter\u00e9s de los menores al desestimar la compartida, que funcion\u00f3 durante 17 meses.<\/p>\n","protected":false},"author":1,"featured_media":0,"comment_status":"closed","ping_status":"closed","sticky":false,"template":"","format":"standard","meta":[],"categories":[377],"tags":[],"_links":{"self":[{"href":"https:\/\/artigasadvocats.com\/es\/wp-json\/wp\/v2\/posts\/16885\/"}],"collection":[{"href":"https:\/\/artigasadvocats.com\/es\/wp-json\/wp\/v2\/posts\/"}],"about":[{"href":"https:\/\/artigasadvocats.com\/es\/wp-json\/wp\/v2\/types\/post\/"}],"author":[{"embeddable":true,"href":"https:\/\/artigasadvocats.com\/es\/wp-json\/wp\/v2\/users\/1\/"}],"replies":[{"embeddable":true,"href":"https:\/\/artigasadvocats.com\/es\/wp-json\/wp\/v2\/comments\/?post=16885"}],"version-history":[{"count":2,"href":"https:\/\/artigasadvocats.com\/es\/wp-json\/wp\/v2\/posts\/16885\/revisions\/"}],"predecessor-version":[{"id":17433,"href":"https:\/\/artigasadvocats.com\/es\/wp-json\/wp\/v2\/posts\/16885\/revisions\/17433\/"}],"wp:attachment":[{"href":"https:\/\/artigasadvocats.com\/es\/wp-json\/wp\/v2\/media\/?parent=16885"}],"wp:term":[{"taxonomy":"category","embeddable":true,"href":"https:\/\/artigasadvocats.com\/es\/wp-json\/wp\/v2\/categories\/?post=16885"},{"taxonomy":"post_tag","embeddable":true,"href":"https:\/\/artigasadvocats.com\/es\/wp-json\/wp\/v2\/tags\/?post=16885"}],"curies":[{"name":"wp","href":"https:\/\/api.w.org\/{rel}","templated":true}]}}