{"id":16863,"date":"2014-06-18T11:10:39","date_gmt":"2014-06-18T09:10:39","guid":{"rendered":"http:\/\/artigasadvocats.com\/?p=16863"},"modified":"2022-01-04T19:51:45","modified_gmt":"2022-01-04T17:51:45","slug":"rosa-artigas-ha-participado-en-las-ii-jornades-dret-de-familia-de-lil-lustre-col-legi-dadvocats-de-granollers-los-dias-26-i-27-de-junio-de-2014-con-la-ponencia-cuestiones-practicas-sobre-la-re","status":"publish","type":"post","link":"https:\/\/artigasadvocats.com\/es\/rosa-artigas-ha-participado-en-las-ii-jornades-dret-de-familia-de-lil-lustre-col-legi-dadvocats-de-granollers-los-dias-26-i-27-de-junio-de-2014-con-la-ponencia-cuestiones-practicas-sobre-la-re\/","title":{"rendered":"Rosa Artigas ha participado en las ?II  Jornades Dret de Familia de l?Il.lustre Col.legi d?Advocats de Granollers?, los d\u00edas 26 Y 27 de junio de 2014, con la ponencia \u00abCuestiones pr\u00e1cticas sobre la regulaci\u00f3n de la vivienda familiar en el Llibre II del CCat.\u00bb"},"content":{"rendered":"","protected":false},"excerpt":{"rendered":"<p>Rosa Artigas ha participado en las ?II  Jornades Dret de Familia de l?Il.lustre Col.legi d?Advocats de Granollers?, los d\u00edas 26 i 27 de junio de 2014, con la ponencia ?Cuestiones pr\u00e1cticas sobre la regulaci\u00f3n de la vivienda familiar en el Llibre II del CCat?.<\/p>\n","protected":false},"author":1,"featured_media":0,"comment_status":"closed","ping_status":"closed","sticky":false,"template":"","format":"standard","meta":[],"categories":[377],"tags":[],"_links":{"self":[{"href":"https:\/\/artigasadvocats.com\/es\/wp-json\/wp\/v2\/posts\/16863\/"}],"collection":[{"href":"https:\/\/artigasadvocats.com\/es\/wp-json\/wp\/v2\/posts\/"}],"about":[{"href":"https:\/\/artigasadvocats.com\/es\/wp-json\/wp\/v2\/types\/post\/"}],"author":[{"embeddable":true,"href":"https:\/\/artigasadvocats.com\/es\/wp-json\/wp\/v2\/users\/1\/"}],"replies":[{"embeddable":true,"href":"https:\/\/artigasadvocats.com\/es\/wp-json\/wp\/v2\/comments\/?post=16863"}],"version-history":[{"count":2,"href":"https:\/\/artigasadvocats.com\/es\/wp-json\/wp\/v2\/posts\/16863\/revisions\/"}],"predecessor-version":[{"id":17430,"href":"https:\/\/artigasadvocats.com\/es\/wp-json\/wp\/v2\/posts\/16863\/revisions\/17430\/"}],"wp:attachment":[{"href":"https:\/\/artigasadvocats.com\/es\/wp-json\/wp\/v2\/media\/?parent=16863"}],"wp:term":[{"taxonomy":"category","embeddable":true,"href":"https:\/\/artigasadvocats.com\/es\/wp-json\/wp\/v2\/categories\/?post=16863"},{"taxonomy":"post_tag","embeddable":true,"href":"https:\/\/artigasadvocats.com\/es\/wp-json\/wp\/v2\/tags\/?post=16863"}],"curies":[{"name":"wp","href":"https:\/\/api.w.org\/{rel}","templated":true}]}}