{"id":16852,"date":"2018-02-07T11:09:41","date_gmt":"2018-02-07T09:09:41","guid":{"rendered":"http:\/\/artigasadvocats.com\/?p=16852"},"modified":"2019-01-11T14:53:47","modified_gmt":"2019-01-11T12:53:47","slug":"tribunal-supremo-concede-el-derecho-a-la-prestacion-de-maternidad-en-los-supuestos-de-gestacion-por-sustitucion-sentencia-de-la-sala-cuarta-de-lo-social-de-fecha-16-11-2016-2","status":"publish","type":"post","link":"https:\/\/artigasadvocats.com\/es\/tribunal-supremo-concede-el-derecho-a-la-prestacion-de-maternidad-en-los-supuestos-de-gestacion-por-sustitucion-sentencia-de-la-sala-cuarta-de-lo-social-de-fecha-16-11-2016-2\/","title":{"rendered":"Tribunal Supremo concede el derecho a la prestaci\u00f3n de maternidad en los supuestos de gestaci\u00f3n por sustituci\u00f3n (Sentencia de la Sala Cuarta de lo Social de fecha 16-11-2016)"},"content":{"rendered":"<p class=\"MsoNormal\" style=\"margin-bottom: 0.0001pt; text-align: justify; line-height: 15pt; background-image: initial; background-position: initial; background-size: initial; background-repeat: initial; background-attachment: initial; background-origin: initial; background-clip: initial;\">De manera novedosa e innovadora y con un marcado<br \/>\ncar\u00e1cter de justicia social, el Pleno integrado por todos los Magistrados del<br \/>\nTribunal Supremo, dicta esta interesante Sentencia en relaci\u00f3n con el derecho a<br \/>\nla prestaci\u00f3n de maternidad en los supuestos de gestaci\u00f3n por sustituci\u00f3n o de<br \/>\nmaternidad subrogada.<o:p \/><\/p>\n<p class=\"MsoNormal\" style=\"margin-bottom: 0.0001pt; text-align: justify; line-height: 15pt; background-image: initial; background-position: initial; background-size: initial; background-repeat: initial; background-attachment: initial; background-origin: initial; background-clip: initial;\">La Sentencia efect\u00faa un ilustrativo recorrido por un<br \/>\nimportante n\u00famero de sentencias dictadas por las Salas de lo Social de los<br \/>\ndiferentes Tribunales Superiores de Justicia que se han pronunciado en sentido<br \/>\ndispar acerca de la cuesti\u00f3n que nos ocupa.<o:p \/><\/p>\n<p class=\"MsoNormal\" style=\"margin-bottom: 0.0001pt; text-align: justify; line-height: 15pt; background-image: initial; background-position: initial; background-size: initial; background-repeat: initial; background-attachment: initial; background-origin: initial; background-clip: initial;\"><o:p> <\/o:p><\/p>\n<p class=\"MsoNormal\" style=\"margin-bottom: 0.0001pt; text-align: justify; line-height: 15pt; background-image: initial; background-position: initial; background-size: initial; background-repeat: initial; background-attachment: initial; background-origin: initial; background-clip: initial;\">Las razones en las que se ampara el Tribunal Supremo<br \/>\npara <strong><u>conceder el derecho a la<br \/>\nprestaci\u00f3n de maternidad en los supuestos de gestaci\u00f3n por sustituci\u00f3n son las<br \/>\nsiguientes:<o:p \/><\/u><\/strong><\/p>\n<p class=\"MsoNormal\" style=\"margin-bottom: 0.0001pt; text-align: justify; line-height: 15pt; background-image: initial; background-position: initial; background-size: initial; background-repeat: initial; background-attachment: initial; background-origin: initial; background-clip: initial;\"><o:p> <\/o:p><\/p>\n<p class=\"MsoNormal\" style=\"margin-bottom: 0.0001pt; text-align: justify; line-height: 15pt; background-image: initial; background-position: initial; background-size: initial; background-repeat: initial; background-attachment: initial; background-origin: initial; background-clip: initial;\"><strong>1.\u00aa<\/strong> La nulidad de pleno<br \/>\nderecho del contrato de gestaci\u00f3n por sustituci\u00f3n, establecida en el art. 10 de<br \/>\nla Ley 14\/2006, de 26 de mayo, no determina&nbsp;per se&nbsp;que el menor que<br \/>\nnace en esas especiales circunstancias no sea acreedor de aquellos derechos que<br \/>\ncomo tal menor le asisten&nbsp;<o:p \/><\/p>\n<p class=\"MsoNormal\" style=\"margin-bottom: 0.0001pt; text-align: justify; line-height: 15pt; background-image: initial; background-position: initial; background-size: initial; background-repeat: initial; background-attachment: initial; background-origin: initial; background-clip: initial;\"><strong>2.\u00aa<\/strong> El art. 8 del Convenio para la protecci\u00f3n de los<br \/>\nDerechos Humanos y de las Libertades Fundamentales&nbsp;, es el relativo al<br \/>\n\u00abderecho al respeto a la vida privada y familiar\u00bb, y ha sido objeto<br \/>\nde una interpretaci\u00f3n uniforme por el Tribunal Europeo de Derechos Humanos<br \/>\n(TEDH), en el sentido de exigir que se tenga en cuenta el inter\u00e9s superior del<br \/>\nni\u00f1o nacido mediante un acuerdo de gestaci\u00f3n por sustituci\u00f3n.<\/p>\n<p class=\"MsoNormal\" style=\"text-align: justify; line-height: 15pt; background-image: initial; background-position: initial; background-size: initial; background-repeat: initial; background-attachment: initial; background-origin: initial; background-clip: initial;\"><o:p \/><\/p>\n<p class=\"MsoNormal\"><o:p> <\/o:p><\/p>\n<p class=\"MsoNormal\"><o:p> <\/o:p><\/p>\n","protected":false},"excerpt":{"rendered":"<p>Tribunal Supremo concede el derecho a la prestaci\u00f3n de maternidad en los supuestos de gestaci\u00f3n por sustituci\u00f3n (Sentencia de la Sala Cuarta de lo Social de fecha 16-11-2016)<\/p>\n","protected":false},"author":1,"featured_media":0,"comment_status":"closed","ping_status":"closed","sticky":false,"template":"","format":"standard","meta":[],"categories":[377],"tags":[],"_links":{"self":[{"href":"https:\/\/artigasadvocats.com\/es\/wp-json\/wp\/v2\/posts\/16852\/"}],"collection":[{"href":"https:\/\/artigasadvocats.com\/es\/wp-json\/wp\/v2\/posts\/"}],"about":[{"href":"https:\/\/artigasadvocats.com\/es\/wp-json\/wp\/v2\/types\/post\/"}],"author":[{"embeddable":true,"href":"https:\/\/artigasadvocats.com\/es\/wp-json\/wp\/v2\/users\/1\/"}],"replies":[{"embeddable":true,"href":"https:\/\/artigasadvocats.com\/es\/wp-json\/wp\/v2\/comments\/?post=16852"}],"version-history":[{"count":1,"href":"https:\/\/artigasadvocats.com\/es\/wp-json\/wp\/v2\/posts\/16852\/revisions\/"}],"predecessor-version":[{"id":16870,"href":"https:\/\/artigasadvocats.com\/es\/wp-json\/wp\/v2\/posts\/16852\/revisions\/16870\/"}],"wp:attachment":[{"href":"https:\/\/artigasadvocats.com\/es\/wp-json\/wp\/v2\/media\/?parent=16852"}],"wp:term":[{"taxonomy":"category","embeddable":true,"href":"https:\/\/artigasadvocats.com\/es\/wp-json\/wp\/v2\/categories\/?post=16852"},{"taxonomy":"post_tag","embeddable":true,"href":"https:\/\/artigasadvocats.com\/es\/wp-json\/wp\/v2\/tags\/?post=16852"}],"curies":[{"name":"wp","href":"https:\/\/api.w.org\/{rel}","templated":true}]}}