{"id":16850,"date":"2017-02-07T11:09:30","date_gmt":"2017-02-07T09:09:30","guid":{"rendered":"http:\/\/artigasadvocats.com\/?p=16850"},"modified":"2022-01-04T19:47:22","modified_gmt":"2022-01-04T17:47:22","slug":"scaf-xiv-jornadas-de-derecho-de-familia-24-y-25-de-noviembre-de-2016","status":"publish","type":"post","link":"https:\/\/artigasadvocats.com\/es\/scaf-xiv-jornadas-de-derecho-de-familia-24-y-25-de-noviembre-de-2016\/","title":{"rendered":"SCAF XIV Jornadas de derecho de Familia, 24 y 25 de noviembre de 2016"},"content":{"rendered":"<p class=\"MsoNormal\" style=\"text-align: justify;\">El \u00faltimo d\u00eda 24 y 25 de<br \/>\nnoviembre, el equipo completo del despacho asisti\u00f3 a las XIV jornadas de<br \/>\nderecho de familia de Barcelona organizadas por la Sociedad Catalana de<br \/>\nabogados de familia. Las mismas tuvieron lugar en el Sal\u00f3n Imperial del<br \/>\ntradicional Hotel Ritz de Barcelona y llevaron como t\u00edtulo \u00abEl derecho de<br \/>\nfamilia se adapta a los tiempos\u00bb. La asistencia fue todo un \u00e9xito,<br \/>\ncontando con la presencia de casi 220 abogados as\u00ed como jueces, magistrados de<br \/>\nla Audiencia Provincia de Barcelona, ??del Tribunal de Justicia de Catalu\u00f1a y<br \/>\nel Tribunal Constitucional adem\u00e1s de otras personalidades ilustres.<o:p \/><\/p>\n<p class=\"MsoNormal\" style=\"text-align: justify;\">Durante estas Jornadas, que<br \/>\ninaugur\u00f3 el Honorable Sr. Carles Mund\u00f3 y Blanch, Consejero de Justicia de la<br \/>\nGeneralidad de Catalu\u00f1a, se trataron temas como la importancia y la incidencia<br \/>\nde la jurisprudencia en Derecho de Familia del Tribunal Constitucional y de la<br \/>\nproblem\u00e1tica de la atribuci\u00f3n de la guarda; que parece haberse convertido en un<br \/>\nautomatismo. Prosiguieron las mismas, durante la jornada del viernes,<br \/>\ndisertando sobre las implicaciones de la declaraci\u00f3n de concurso de la persona<br \/>\nf\u00edsica en el Derecho de Familia y sobre la prestaci\u00f3n compensatoria, haciendo<br \/>\nespecial menci\u00f3n a la problem\u00e1tica de su capitalizaci\u00f3n.<o:p \/><\/p>\n<p class=\"MsoNormal\" style=\"text-align: justify;\">Finalmente, concluyeron, con<br \/>\nponencias tan trascendentes como la divisi\u00f3n de la cosa com\u00fan y un tema de<br \/>\nactualidad relativo a las consecuencias del Brexit en el Derecho de Familia.<o:p \/><\/p>\n<p class=\"MsoNormal\" style=\"text-align: justify;\">Un a\u00f1o m\u00e1s una ocasi\u00f3n perfecta<br \/>\npara actualizar conocimientos y mantener discusiones jur\u00eddicas sobre aquellos<br \/>\ntemas que m\u00e1s preocupan en la actualidad de nuestro derecho de familia.<o:p \/><\/p>\n","protected":false},"excerpt":{"rendered":"<p>SCAF XIV Jornadas de derecho de Familia, 24 y 25 de noviembre de 2016.<\/p>\n","protected":false},"author":1,"featured_media":0,"comment_status":"closed","ping_status":"closed","sticky":false,"template":"","format":"standard","meta":[],"categories":[377],"tags":[],"_links":{"self":[{"href":"https:\/\/artigasadvocats.com\/es\/wp-json\/wp\/v2\/posts\/16850\/"}],"collection":[{"href":"https:\/\/artigasadvocats.com\/es\/wp-json\/wp\/v2\/posts\/"}],"about":[{"href":"https:\/\/artigasadvocats.com\/es\/wp-json\/wp\/v2\/types\/post\/"}],"author":[{"embeddable":true,"href":"https:\/\/artigasadvocats.com\/es\/wp-json\/wp\/v2\/users\/1\/"}],"replies":[{"embeddable":true,"href":"https:\/\/artigasadvocats.com\/es\/wp-json\/wp\/v2\/comments\/?post=16850"}],"version-history":[{"count":2,"href":"https:\/\/artigasadvocats.com\/es\/wp-json\/wp\/v2\/posts\/16850\/revisions\/"}],"predecessor-version":[{"id":17424,"href":"https:\/\/artigasadvocats.com\/es\/wp-json\/wp\/v2\/posts\/16850\/revisions\/17424\/"}],"wp:attachment":[{"href":"https:\/\/artigasadvocats.com\/es\/wp-json\/wp\/v2\/media\/?parent=16850"}],"wp:term":[{"taxonomy":"category","embeddable":true,"href":"https:\/\/artigasadvocats.com\/es\/wp-json\/wp\/v2\/categories\/?post=16850"},{"taxonomy":"post_tag","embeddable":true,"href":"https:\/\/artigasadvocats.com\/es\/wp-json\/wp\/v2\/tags\/?post=16850"}],"curies":[{"name":"wp","href":"https:\/\/api.w.org\/{rel}","templated":true}]}}