{"id":16847,"date":"2018-02-08T15:00:36","date_gmt":"2018-02-08T13:00:36","guid":{"rendered":"http:\/\/artigasadvocats.com\/?p=16847"},"modified":"2022-01-04T19:34:30","modified_gmt":"2022-01-04T17:34:30","slug":"seminari-els-pressuposits-de-la-compensacio-economica-i-les-normes-de-calcul","status":"publish","type":"post","link":"https:\/\/artigasadvocats.com\/es\/seminari-els-pressuposits-de-la-compensacio-economica-i-les-normes-de-calcul\/","title":{"rendered":"Seminari \u00abEls pressup\u00f2sits de la compensaci\u00f3 Econ\u00f2mica i les normes de c\u00e0lcul\u00bb"},"content":{"rendered":"<p>Seminari UPF 25 de gener de 2018: Grup de recerca en dret patrimonial. \u00abEls pressup\u00f2sits de la compensaci\u00f3 Econ\u00f2mica i les normes de c\u00e0lcul\u00bb.<\/p>\n<p class=\"MsoNormal\" style=\"text-align: justify;\"><span lang=\"CA\" style=\"font-family: Arial, sans-serif; background-image: initial; background-position: initial; background-size: initial; background-repeat: initial; background-attachment: initial; background-origin: initial; background-clip: initial;\">Rosa Artigas va assistir al Seminari en relaci\u00f3 a la pon\u00e8ncia impartida pel Sr. Joan Manel Abril Campoy,\u00a0 actualment,<br \/>\ncatedr\u00e0tic acreditat de Dret Civil de la UAB i president del Tribunal Superior<br \/>\nde Just\u00edcia de\u00a0Andorra.de Just\u00edcia de\u00a0<\/span><em><span style=\"font-family: Arial, sans-serif; font-style: normal;\">Andorra, magsitrat en exced\u00e8ncia del Tribunal Superior de Justicia de Catalunya, Sala civil i Penal.<\/span><\/em><\/p>\n<p class=\"MsoNormal\"><a href=\"https:\/\/www.upf.edu\/web\/dret\/inici\/-\/asset_publisher\/UzFOsEsEfEfx\/content\/id\/146247947\/maximized\">https:\/\/www.upf.edu\/web\/dret\/inici\/-\/asset_publisher\/UzFOsEsEfEfx\/content\/id\/146247947\/maximized<\/a><\/p>\n","protected":false},"excerpt":{"rendered":"<p>Seminari UPF 25 de gener de 2018: Grup de recerca en dret patrimonial. \u00abEls pressup\u00f2sits&#8230;<\/p>\n","protected":false},"author":1,"featured_media":0,"comment_status":"closed","ping_status":"closed","sticky":false,"template":"","format":"standard","meta":[],"categories":[377],"tags":[],"_links":{"self":[{"href":"https:\/\/artigasadvocats.com\/es\/wp-json\/wp\/v2\/posts\/16847\/"}],"collection":[{"href":"https:\/\/artigasadvocats.com\/es\/wp-json\/wp\/v2\/posts\/"}],"about":[{"href":"https:\/\/artigasadvocats.com\/es\/wp-json\/wp\/v2\/types\/post\/"}],"author":[{"embeddable":true,"href":"https:\/\/artigasadvocats.com\/es\/wp-json\/wp\/v2\/users\/1\/"}],"replies":[{"embeddable":true,"href":"https:\/\/artigasadvocats.com\/es\/wp-json\/wp\/v2\/comments\/?post=16847"}],"version-history":[{"count":2,"href":"https:\/\/artigasadvocats.com\/es\/wp-json\/wp\/v2\/posts\/16847\/revisions\/"}],"predecessor-version":[{"id":17415,"href":"https:\/\/artigasadvocats.com\/es\/wp-json\/wp\/v2\/posts\/16847\/revisions\/17415\/"}],"wp:attachment":[{"href":"https:\/\/artigasadvocats.com\/es\/wp-json\/wp\/v2\/media\/?parent=16847"}],"wp:term":[{"taxonomy":"category","embeddable":true,"href":"https:\/\/artigasadvocats.com\/es\/wp-json\/wp\/v2\/categories\/?post=16847"},{"taxonomy":"post_tag","embeddable":true,"href":"https:\/\/artigasadvocats.com\/es\/wp-json\/wp\/v2\/tags\/?post=16847"}],"curies":[{"name":"wp","href":"https:\/\/api.w.org\/{rel}","templated":true}]}}