{"id":16831,"date":"2018-02-01T15:00:11","date_gmt":"2018-02-01T13:00:11","guid":{"rendered":"http:\/\/artigasadvocats.com\/?p=16831"},"modified":"2019-01-11T14:56:32","modified_gmt":"2019-01-11T12:56:32","slug":"compensacion-economica-por-razon-del-trabajo-no-puede-denegarse-por-no-haber-incluido-en-el-inventario-los-bienes-adquiridos-a-titulo-gratuito-en-este-caso-por-herencia-tsj-cataluna-sala-de-lo-civi","status":"publish","type":"post","link":"https:\/\/artigasadvocats.com\/es\/compensacion-economica-por-razon-del-trabajo-no-puede-denegarse-por-no-haber-incluido-en-el-inventario-los-bienes-adquiridos-a-titulo-gratuito-en-este-caso-por-herencia-tsj-cataluna-sala-de-lo-civi\/","title":{"rendered":"Compensaci\u00f3n econ\u00f3mica por raz\u00f3n del trabajo: no puede denegarse por no haber incluido en el inventario los bienes adquiridos a t\u00edtulo gratuito, en este caso por herencia TSJ Catalu\u00f1a, Sala de lo Civil y Penal, Sec. 1.\u00aa, 28-9-2017 SP\/SENT\/923679"},"content":{"rendered":"","protected":false},"excerpt":{"rendered":"<p>Compensaci\u00f3n econ\u00f3mica por raz\u00f3n del trabajo: no puede denegarse por no haber incluido en el inventario los bienes adquiridos a t\u00edtulo gratuito, en este caso por herencia TSJ Catalu\u00f1a, Sala de lo Civil y Penal, Sec. 1.\u00aa, 28-9-2017 SP\/SENT\/923679<\/p>\n","protected":false},"author":1,"featured_media":0,"comment_status":"closed","ping_status":"closed","sticky":false,"template":"","format":"standard","meta":[],"categories":[377],"tags":[],"_links":{"self":[{"href":"https:\/\/artigasadvocats.com\/es\/wp-json\/wp\/v2\/posts\/16831\/"}],"collection":[{"href":"https:\/\/artigasadvocats.com\/es\/wp-json\/wp\/v2\/posts\/"}],"about":[{"href":"https:\/\/artigasadvocats.com\/es\/wp-json\/wp\/v2\/types\/post\/"}],"author":[{"embeddable":true,"href":"https:\/\/artigasadvocats.com\/es\/wp-json\/wp\/v2\/users\/1\/"}],"replies":[{"embeddable":true,"href":"https:\/\/artigasadvocats.com\/es\/wp-json\/wp\/v2\/comments\/?post=16831"}],"version-history":[{"count":1,"href":"https:\/\/artigasadvocats.com\/es\/wp-json\/wp\/v2\/posts\/16831\/revisions\/"}],"predecessor-version":[{"id":16846,"href":"https:\/\/artigasadvocats.com\/es\/wp-json\/wp\/v2\/posts\/16831\/revisions\/16846\/"}],"wp:attachment":[{"href":"https:\/\/artigasadvocats.com\/es\/wp-json\/wp\/v2\/media\/?parent=16831"}],"wp:term":[{"taxonomy":"category","embeddable":true,"href":"https:\/\/artigasadvocats.com\/es\/wp-json\/wp\/v2\/categories\/?post=16831"},{"taxonomy":"post_tag","embeddable":true,"href":"https:\/\/artigasadvocats.com\/es\/wp-json\/wp\/v2\/tags\/?post=16831"}],"curies":[{"name":"wp","href":"https:\/\/api.w.org\/{rel}","templated":true}]}}