{"id":16828,"date":"2018-02-07T14:59:56","date_gmt":"2018-02-07T12:59:56","guid":{"rendered":"http:\/\/artigasadvocats.com\/?p=16828"},"modified":"2022-01-04T19:34:42","modified_gmt":"2022-01-04T17:34:42","slug":"la-sala-primera-del-tribunal-supremo-sala-de-lo-civil-acuerda-por-sentencia-662-2017-de-12-de-diciembre-la-nulidad-de-actuaciones-estima-recurso-por-infraccion-procesal","status":"publish","type":"post","link":"https:\/\/artigasadvocats.com\/es\/la-sala-primera-del-tribunal-supremo-sala-de-lo-civil-acuerda-por-sentencia-662-2017-de-12-de-diciembre-la-nulidad-de-actuaciones-estima-recurso-por-infraccion-procesal\/","title":{"rendered":"La Sala Primera del Tribunal Supremo, Sala de lo Civil, acuerda por Sentencia 662\/2017, de 12 de diciembre la nulidad de actuaciones. estima recurso por infracci\u00f3n procesal"},"content":{"rendered":"<p>La Sala Primera del Tribunal Supremo, Sala de lo Civil, acuerda por Sentencia 662\/2017, de 12 de diciembre la nulidad de actuaciones. estima recurso por infracci\u00f3n procesal.<\/p>\n<p class=\"MsoNormal\"><span lang=\"ES-TRAD\">Nulidad de las actuaciones: la sentencia se dict\u00f3 sin valorar los m\u00e1s de 200 documentos aportados en la vista, en los que constaban datos econ\u00f3micos de las partes determinantes a efectos de fijar la pensi\u00f3n compensatoria.<\/p>\n<p><\/span>SP\/SENT\/930946.<br \/>\nRecurso 3435\/2016.<br \/>\nPonente: JOSE ANTONIO SEIJAS QUINTANA.<\/p>\n","protected":false},"excerpt":{"rendered":"<p>La Sala Primera del Tribunal Supremo, Sala de lo Civil, acuerda por Sentencia 662\/2017, de&#8230;<\/p>\n","protected":false},"author":1,"featured_media":0,"comment_status":"closed","ping_status":"closed","sticky":false,"template":"","format":"standard","meta":[],"categories":[377],"tags":[],"_links":{"self":[{"href":"https:\/\/artigasadvocats.com\/es\/wp-json\/wp\/v2\/posts\/16828\/"}],"collection":[{"href":"https:\/\/artigasadvocats.com\/es\/wp-json\/wp\/v2\/posts\/"}],"about":[{"href":"https:\/\/artigasadvocats.com\/es\/wp-json\/wp\/v2\/types\/post\/"}],"author":[{"embeddable":true,"href":"https:\/\/artigasadvocats.com\/es\/wp-json\/wp\/v2\/users\/1\/"}],"replies":[{"embeddable":true,"href":"https:\/\/artigasadvocats.com\/es\/wp-json\/wp\/v2\/comments\/?post=16828"}],"version-history":[{"count":2,"href":"https:\/\/artigasadvocats.com\/es\/wp-json\/wp\/v2\/posts\/16828\/revisions\/"}],"predecessor-version":[{"id":17416,"href":"https:\/\/artigasadvocats.com\/es\/wp-json\/wp\/v2\/posts\/16828\/revisions\/17416\/"}],"wp:attachment":[{"href":"https:\/\/artigasadvocats.com\/es\/wp-json\/wp\/v2\/media\/?parent=16828"}],"wp:term":[{"taxonomy":"category","embeddable":true,"href":"https:\/\/artigasadvocats.com\/es\/wp-json\/wp\/v2\/categories\/?post=16828"},{"taxonomy":"post_tag","embeddable":true,"href":"https:\/\/artigasadvocats.com\/es\/wp-json\/wp\/v2\/tags\/?post=16828"}],"curies":[{"name":"wp","href":"https:\/\/api.w.org\/{rel}","templated":true}]}}