{"id":16814,"date":"2018-02-27T14:55:57","date_gmt":"2018-02-27T12:55:57","guid":{"rendered":"http:\/\/artigasadvocats.com\/?p=16814"},"modified":"2019-01-11T14:46:33","modified_gmt":"2019-01-11T12:46:33","slug":"xxv-encuentro-de-la-asociacion-de-abogados-de-familia-de-espana","status":"publish","type":"post","link":"https:\/\/artigasadvocats.com\/es\/xxv-encuentro-de-la-asociacion-de-abogados-de-familia-de-espana\/","title":{"rendered":"XXV Encuentro de la Asociaci\u00f3n de Abogados de familia de Espa\u00f1a"},"content":{"rendered":"<p>El despacho ha asistido en el XXV Encuentro de la Asociaci\u00f3n de Abogados de familia de Espa\u00f1a, que se ha celebrado en Madrid durante el 23 y 24 de febrero del 2018, bajo el lema \u00ab25 a\u00f1os impulsando el Derecho de Familia\u00bb.<\/p>\n<p>El impulso del derecho de familia para el que se reclama una especializaci\u00f3n de todos los implicados en ella, los intentos por trabajar juntos y unificar criterios y, al tiempo, ofrecer soluciones efectivas ante las nuevas situaciones familiares y de las personas, han sido solo algunos de los grandes logros alcanzados.<\/p>\n","protected":false},"excerpt":{"rendered":"<p>El despacho ha asistido en el XXV Encuentro de la Asociaci\u00f3n de Abogados de familia&#8230;<\/p>\n","protected":false},"author":1,"featured_media":0,"comment_status":"closed","ping_status":"closed","sticky":false,"template":"","format":"standard","meta":[],"categories":[377],"tags":[],"_links":{"self":[{"href":"https:\/\/artigasadvocats.com\/es\/wp-json\/wp\/v2\/posts\/16814\/"}],"collection":[{"href":"https:\/\/artigasadvocats.com\/es\/wp-json\/wp\/v2\/posts\/"}],"about":[{"href":"https:\/\/artigasadvocats.com\/es\/wp-json\/wp\/v2\/types\/post\/"}],"author":[{"embeddable":true,"href":"https:\/\/artigasadvocats.com\/es\/wp-json\/wp\/v2\/users\/1\/"}],"replies":[{"embeddable":true,"href":"https:\/\/artigasadvocats.com\/es\/wp-json\/wp\/v2\/comments\/?post=16814"}],"version-history":[{"count":1,"href":"https:\/\/artigasadvocats.com\/es\/wp-json\/wp\/v2\/posts\/16814\/revisions\/"}],"predecessor-version":[{"id":16815,"href":"https:\/\/artigasadvocats.com\/es\/wp-json\/wp\/v2\/posts\/16814\/revisions\/16815\/"}],"wp:attachment":[{"href":"https:\/\/artigasadvocats.com\/es\/wp-json\/wp\/v2\/media\/?parent=16814"}],"wp:term":[{"taxonomy":"category","embeddable":true,"href":"https:\/\/artigasadvocats.com\/es\/wp-json\/wp\/v2\/categories\/?post=16814"},{"taxonomy":"post_tag","embeddable":true,"href":"https:\/\/artigasadvocats.com\/es\/wp-json\/wp\/v2\/tags\/?post=16814"}],"curies":[{"name":"wp","href":"https:\/\/api.w.org\/{rel}","templated":true}]}}